{"id":438,"date":"2021-08-27T12:34:21","date_gmt":"2021-08-27T12:34:21","guid":{"rendered":"http:\/\/dummy.xtemos.com\/woodmart2\/elementor\/?p=438"},"modified":"2021-08-27T12:34:21","modified_gmt":"2021-08-27T12:34:21","slug":"reinterprets-the-classic-bookshelf","status":"publish","type":"post","link":"https:\/\/ateliervae.fr\/?p=438","title":{"rendered":"Reinterprets the classic bookshelf"},"content":{"rendered":"\t\t<div data-elementor-type=\"wp-post\" data-elementor-id=\"438\" class=\"elementor elementor-438\">\n\t\t\t\t<div class=\"wd-negative-gap elementor-element elementor-element-40dcc77 e-flex e-con-boxed e-con e-parent\" data-id=\"40dcc77\" data-element_type=\"container\" data-e-type=\"container\">\n\t\t\t\t\t<div class=\"e-con-inner\">\n\t\t\t\t<div class=\"elementor-element elementor-element-7c235b8 elementor-widget elementor-widget-wd_text_block\" data-id=\"7c235b8\" data-element_type=\"widget\" data-e-type=\"widget\" data-widget_type=\"wd_text_block.default\">\n\t\t\t\t<div class=\"elementor-widget-container\">\n\t\t\t\t\t\t\t\t<link rel=\"stylesheet\" id=\"wd-text-block-css\" href=\"https:\/\/ateliervae.fr\/wp-content\/themes\/woodmart\/css\/parts\/el-text-block.min.css?ver=7.5.2\" type=\"text\/css\" media=\"all\" \/> \t\t\t\t\t<div class=\"wd-text-block reset-last-child text-left\">\n\t\t\t\n\t\t\t<p>Aliquet parturient scele risque scele risque nibh pretium parturient suspendisse platea sapien torquent feugiat parturient hac amet.\u00a0Volutpat nullam montes mollis ad mauris in orci eleifend per eu pulvinar sociosqu primis hendrerit parturient volutpat a volutpat a at felis ridiculus.<span id=\"more-679\"><\/span>Consequat netus tellus purus convallis sociis non nascetur vestibulum placerat a mi consectetur risus non a porttitor in magna vitae. Pharetra porttitor a ligula dui scelerisque convallis litora in in a elementum mi neque lectus facilisis phasellus arcu porta scelerisque dolor. Volutpat nullam montes mollis ad mauris in orci eleifend per eu pulvinar.<\/p><p>Habitasse torquent eleifend auctor nec lobortis ullamcorper cubilia pretium vestibulum ullamcorper scelerisque gravida et elit ullamcorper lectus nisi natoque adipiscing dictumst gravida parturient eget ligula torquent commodo vestibulum sed. Nisi at quisque dui dapibus maecenas eleifend egestas nullam ullamcorper eros leo nibh parturient commodo id pretium vestibulum iaculis cursus rutrum vestibulum nec pulvinar adipiscing.<\/p>\n\t\t\t\t\t<\/div>\n\t\t\t\t\t\t<\/div>\n\t\t\t\t<\/div>\n\t\t\t\t\t<\/div>\n\t\t\t\t<\/div>\n\t\t<div class=\"wd-negative-gap elementor-element elementor-element-bb1e0b9 e-flex e-con-boxed e-con e-parent\" data-id=\"bb1e0b9\" data-element_type=\"container\" data-e-type=\"container\">\n\t\t\t\t\t<div class=\"e-con-inner\">\n\t\t<div class=\"elementor-element elementor-element-dddb9cd e-con-full e-flex e-con e-child\" data-id=\"dddb9cd\" data-element_type=\"container\" data-e-type=\"container\">\n\t\t\t\t<div class=\"elementor-element elementor-element-1bd2b6f elementor-widget elementor-widget-wd_image_or_svg\" data-id=\"1bd2b6f\" data-element_type=\"widget\" data-e-type=\"widget\" data-widget_type=\"wd_image_or_svg.default\">\n\t\t\t\t<div class=\"elementor-widget-container\">\n\t\t\t\t\t\n\t\t<div class=\"wd-image text-left\">\n\t\t\t\t\t\t\t\t<img fetchpriority=\"high\" decoding=\"async\" width=\"800\" height=\"475\" src=\"https:\/\/ateliervae.fr\/wp-content\/uploads\/2021\/08\/wd-blog-2-800x475.jpg\" class=\"attachment-800x475 size-800x475\" alt=\"\" \/>\t\t\t\t\t<\/div>\n\n\t\t\t\t\t\t<\/div>\n\t\t\t\t<\/div>\n\t\t\t\t<\/div>\n\t\t<div class=\"elementor-element elementor-element-0f83a19 e-con-full e-flex e-con e-child\" data-id=\"0f83a19\" data-element_type=\"container\" data-e-type=\"container\">\n\t\t\t\t<div class=\"elementor-element elementor-element-c88743b elementor-widget elementor-widget-wd_text_block\" data-id=\"c88743b\" data-element_type=\"widget\" data-e-type=\"widget\" data-widget_type=\"wd_text_block.default\">\n\t\t\t\t<div class=\"elementor-widget-container\">\n\t\t\t\t\t\t\t<div class=\"wd-text-block reset-last-child text-left\">\n\t\t\t\n\t\t\t<h3><strong>Tortor mi mus nascetur<\/strong><\/h3><p>Tincidunt ad sit purus orci leo placerat neque laoreet dis curae vulputate conubia sodales lacus habitant pretium sed. Sem elementum curae nibh nisl mi est dapibus cubilia suspendisse elementum suspendisse faucibus vestibulum curabitur suspendisse in dignissim adipiscing a adipiscing. A blandit quisque quisque ut ut viverra\u00a0<strong>Fermentum libero<\/strong>\u00a0a cum dictumst augue non torquent condimentum eget a consectetur eu est sem suscipit ut primis adipiscing taciti nec.<\/p>\n\t\t\t\t\t<\/div>\n\t\t\t\t\t\t<\/div>\n\t\t\t\t<\/div>\n\t\t\t\t<\/div>\n\t\t\t\t\t<\/div>\n\t\t\t\t<\/div>\n\t\t<div class=\"wd-negative-gap elementor-element elementor-element-4f47791 e-flex e-con-boxed e-con e-parent\" data-id=\"4f47791\" data-element_type=\"container\" data-e-type=\"container\">\n\t\t\t\t\t<div class=\"e-con-inner\">\n\t\t\t\t<div class=\"elementor-element elementor-element-e1803ee elementor-widget elementor-widget-wd_text_block\" data-id=\"e1803ee\" data-element_type=\"widget\" data-e-type=\"widget\" data-widget_type=\"wd_text_block.default\">\n\t\t\t\t<div class=\"elementor-widget-container\">\n\t\t\t\t\t\t\t<div class=\"wd-text-block reset-last-child text-left\">\n\t\t\t\n\t\t\t<blockquote><p>Massa class fringilla parturient felis quisque adipiscing praesent velit duis odio velit sit dignissim hac adipiscing facilisis id inceptos suspendisse aliquam a quam a mi litora. Condimentum cum semper conubia.<\/p><\/blockquote>\n\t\t\t\t\t<\/div>\n\t\t\t\t\t\t<\/div>\n\t\t\t\t<\/div>\n\t\t\t\t<div class=\"elementor-element elementor-element-aec7eb2 wd-width-100 elementor-widget elementor-widget-wd_products\" data-id=\"aec7eb2\" data-element_type=\"widget\" data-e-type=\"widget\" data-widget_type=\"wd_products.default\">\n\t\t\t\t<div class=\"elementor-widget-container\">\n\t\t\t\t\t\t\t\t<link rel=\"stylesheet\" id=\"wd-product-loop-css\" href=\"https:\/\/ateliervae.fr\/wp-content\/themes\/woodmart\/css\/parts\/woo-product-loop.min.css?ver=7.5.2\" type=\"text\/css\" media=\"all\" \/> \t\t\t\t\t\t<link rel=\"stylesheet\" id=\"wd-product-loop-fw-button-css\" href=\"https:\/\/ateliervae.fr\/wp-content\/themes\/woodmart\/css\/parts\/woo-prod-loop-fw-button.min.css?ver=7.5.2\" type=\"text\/css\" media=\"all\" \/> \t\t\t\t\t\t<link rel=\"stylesheet\" id=\"wd-woo-mod-add-btn-replace-css\" href=\"https:\/\/ateliervae.fr\/wp-content\/themes\/woodmart\/css\/parts\/woo-mod-add-btn-replace.min.css?ver=7.5.2\" type=\"text\/css\" media=\"all\" \/> \t\t\t\t\t\t<link rel=\"stylesheet\" id=\"wd-mod-more-description-css\" href=\"https:\/\/ateliervae.fr\/wp-content\/themes\/woodmart\/css\/parts\/mod-more-description.min.css?ver=7.5.2\" type=\"text\/css\" media=\"all\" \/> \t\t\t\t\t\t<link rel=\"stylesheet\" id=\"wd-woo-opt-stretch-cont-css\" href=\"https:\/\/ateliervae.fr\/wp-content\/themes\/woodmart\/css\/parts\/woo-opt-stretch-cont.min.css?ver=7.5.2\" type=\"text\/css\" media=\"all\" \/> \t\t\t\t\t\t<link rel=\"stylesheet\" id=\"wd-swiper-css\" href=\"https:\/\/ateliervae.fr\/wp-content\/themes\/woodmart\/css\/parts\/lib-swiper.min.css?ver=7.5.2\" type=\"text\/css\" media=\"all\" \/> \t\t\t\t\t\t<div id=\"carousel-292\" class=\"wd-carousel-container  wd-products-element wd-products products wd-stretch-cont-lg\">\n\t\t\t\t\n\t\t\t\t<div class=\"wd-carousel-inner\">\n\t\t\t\t\t<div class=\" wd-carousel wd-grid wd-stretch-cont-lg\" data-scroll_per_page=\"yes\" style=\"--wd-col-lg:4;--wd-col-md:3;--wd-col-sm:2;--wd-gap-lg:20px;--wd-gap-sm:10px;\">\n\t\t\t\t\t\t<div class=\"wd-carousel-wrap\">\n\t\t\t\t\t\t\t\t\t<div class=\"wd-carousel-item\">\n\t\t\t\t\t\t\t\t\t\t\t<div class=\"wd-product wd-with-labels wd-hover-fw-button wd-hover-with-fade wd-fade-off product-grid-item product type-product post-28193 status-publish instock product_cat-10-15-ah-36v-batterie-porte-bagage product_cat-360-540-wh-10-15-ah-36v-batterie-porte-bagage product_cat-36v-batterie-porte-bagage product_cat-batterie-porte-bagage product_cat-batteries-de-velos product_tag-batterie-velo-assistance-electrique-puissante-fiable product_tag-batterie-velo-resistante product_tag-batterie-velo-vtt-electrique has-post-thumbnail sale shipping-taxable purchasable product-type-simple\" data-loop=\"1\" data-id=\"28193\">\n\t\n\t\n<div class=\"product-wrapper\">\n\t<div class=\"content-product-imagin\"><\/div>\n\t<div class=\"product-element-top wd-quick-shop\">\n\t\t<a href=\"https:\/\/ateliervae.fr\/?product=batterie-36v-velo-electrique-fiable-autonomie-gazelle-13ah-innergy-gold\" class=\"product-image-link\">\n\t\t\t\t\t\t<link rel=\"stylesheet\" id=\"wd-woo-mod-product-labels-css\" href=\"https:\/\/ateliervae.fr\/wp-content\/themes\/woodmart\/css\/parts\/woo-mod-product-labels.min.css?ver=7.5.2\" type=\"text\/css\" media=\"all\" \/> \t\t\t\t\t\t<link rel=\"stylesheet\" id=\"wd-woo-mod-product-labels-round-css\" href=\"https:\/\/ateliervae.fr\/wp-content\/themes\/woodmart\/css\/parts\/woo-mod-product-labels-round.min.css?ver=7.5.2\" type=\"text\/css\" media=\"all\" \/> \t\t\t<div class=\"product-labels labels-rounded\"><span class=\"onsale product-label\">-24%<\/span><span class=\"attribute-label product-label label-term-gazelle label-attribute-pa_marque-s\">gazelle<\/span><\/div><img decoding=\"async\" width=\"360\" height=\"360\" src=\"https:\/\/ateliervae.fr\/wp-content\/uploads\/2026\/04\/gazelle_innergy_compatible_naast_oplader_1.jpg\" class=\"attachment-medium_large size-medium_large\" alt=\"batterie 36V v\u00e9lo \u00e9lectrique fiable autonomie\" srcset=\"https:\/\/ateliervae.fr\/wp-content\/uploads\/2026\/04\/gazelle_innergy_compatible_naast_oplader_1.jpg 360w, https:\/\/ateliervae.fr\/wp-content\/uploads\/2026\/04\/gazelle_innergy_compatible_naast_oplader_1-300x300.jpg 300w, https:\/\/ateliervae.fr\/wp-content\/uploads\/2026\/04\/gazelle_innergy_compatible_naast_oplader_1-150x150.jpg 150w\" sizes=\"(max-width: 360px) 100vw, 360px\" \/>\t\t<\/a>\n\n\t\t\n\t\t<div class=\"wd-buttons wd-pos-r-t\">\n\t\t\t\t\t\t\t\t<div class=\"wd-compare-btn product-compare-button wd-action-btn wd-style-icon wd-compare-icon\">\n\t\t\t<a href=\"https:\/\/ateliervae.fr\/?page_id=840\" data-id=\"28193\" rel=\"nofollow\" data-added-text=\"Compare products\">\n\t\t\t\t<span>Compare<\/span>\n\t\t\t<\/a>\n\t\t<\/div>\n\t\t\t\t\t\t\t\t<link rel=\"stylesheet\" id=\"wd-mfp-popup-css\" href=\"https:\/\/ateliervae.fr\/wp-content\/themes\/woodmart\/css\/parts\/lib-magnific-popup.min.css?ver=7.5.2\" type=\"text\/css\" media=\"all\" \/> \t\t\t\t\t<div class=\"quick-view wd-action-btn wd-style-icon wd-quick-view-icon\">\n\t\t\t<a\n\t\t\t\thref=\"https:\/\/ateliervae.fr\/?product=batterie-36v-velo-electrique-fiable-autonomie-gazelle-13ah-innergy-gold\"\n\t\t\t\tclass=\"open-quick-view quick-view-button\"\n\t\t\t\trel=\"nofollow\"\n\t\t\t\tdata-id=\"28193\"\n\t\t\t\t>Quick view<\/a>\n\t\t<\/div>\n\t\t\t\t\t\t\t\t<div class=\"wd-wishlist-btn wd-action-btn wd-style-icon wd-wishlist-icon\">\n\t\t\t\t<a class=\"\" href=\"https:\/\/ateliervae.fr\/?page_id=60\" data-key=\"87c2aac602\" data-product-id=\"28193\" rel=\"nofollow\" data-added-text=\"Browse Wishlist\">\n\t\t\t\t\t<span>Add to wishlist<\/span>\n\t\t\t\t<\/a>\n\t\t\t<\/div>\n\t\t\t\t<\/div>\n\t<\/div>\n\n\t<div class=\"product-element-bottom\">\n\n\t\t<h3 class=\"wd-entities-title\"><a href=\"https:\/\/ateliervae.fr\/?product=batterie-36v-velo-electrique-fiable-autonomie-gazelle-13ah-innergy-gold\">{ Batterie pour velos Gazelle Innergy Gold 36V 13Ah}<\/a><\/h3>\n\t\t\t\t<div class=\"wd-product-cats\">\n\t\t\t<a href=\"https:\/\/ateliervae.fr\/?product_cat=36v-batterie-porte-bagage\" rel=\"tag\">36V<\/a>, <a href=\"https:\/\/ateliervae.fr\/?product_cat=10-15-ah-36v-batterie-porte-bagage\" rel=\"tag\">10\u201315 Ah<\/a>, <a href=\"https:\/\/ateliervae.fr\/?product_cat=360-540-wh-10-15-ah-36v-batterie-porte-bagage\" rel=\"tag\">360\u2013540 Wh<\/a>, <a href=\"https:\/\/ateliervae.fr\/?product_cat=batterie-porte-bagage\" rel=\"tag\">Batterie porte-bagage<\/a>, <a href=\"https:\/\/ateliervae.fr\/?product_cat=batteries-de-velos\" rel=\"tag\">Batteries de v\u00e9los<\/a>\t\t<\/div>\n\t\t\t\t\t\t\t\t\t\n\t\t\t\t<div class=\"star-rating\" role=\"img\" aria-label=\"Note 0 sur 5\">\n\t\t\t\t\t<span style=\"width:0%\">\n\t\t\tNote <strong class=\"rating\">0<\/strong> sur 5\t\t<\/span>\n\t\t\t\t<\/div>\n\n\t\t\n\t\t\t\t\t\t\n\t\t\n\t\t<div class=\"wrap-price\">\n\t\t\t\n\t<span class=\"price\"><del aria-hidden=\"true\"><span class=\"woocommerce-Price-amount amount\"><bdi>459<span class=\"woocommerce-Price-currencySymbol\">&euro;<\/span><\/bdi><\/span><\/del> <span class=\"screen-reader-text\">Le prix initial \u00e9tait\u00a0: 459&euro;.<\/span><ins aria-hidden=\"true\"><span class=\"woocommerce-Price-amount amount\"><bdi>348<span class=\"woocommerce-Price-currencySymbol\">&euro;<\/span><\/bdi><\/span><\/ins><span class=\"screen-reader-text\">Le prix actuel est\u00a0: 348&euro;.<\/span><\/span>\n\n\t\t\t\t\t<\/div>\n\n\t\t<div class=\"wd-add-btn wd-add-btn-replace\">\n\t\t\t\n\t\t\t<a href=\"\/index.php?rest_route=%2Fwp%2Fv2%2Fposts%2F438&#038;add-to-cart=28193\" aria-describedby=\"woocommerce_loop_add_to_cart_link_describedby_28193\" data-quantity=\"1\" class=\"button product_type_simple add_to_cart_button ajax_add_to_cart add-to-cart-loop\" data-product_id=\"28193\" data-product_sku=\"BATT-GAZ-LL09\" aria-label=\"Ajouter au panier\u00a0: &ldquo;{ Batterie pour velos Gazelle Innergy Gold 36V 13Ah}&rdquo;\" rel=\"nofollow\" data-success_message=\"\u00ab\u00a0{ Batterie pour velos Gazelle Innergy Gold 36V 13Ah}\u00a0\u00bb a \u00e9t\u00e9 ajout\u00e9 \u00e0 votre panier\" role=\"button\"><span>Ajouter au panier<\/span><\/a><span id=\"woocommerce_loop_add_to_cart_link_describedby_28193\" class=\"screen-reader-text\">\n\t<\/span>\n\t\t<\/div>\n\n\t\t\n\t\t\t\t<div class=\"fade-in-block wd-scroll\">\n\t\t\t\t\t\t\t<div class=\"hover-content-wrap\">\n\t\t\t\t\t<div class=\"hover-content wd-more-desc\">\n\t\t\t\t\t\t<div class=\"hover-content-inner wd-more-desc-inner\">\n\t\t\t\t\t\t\t<ul data-start=\"4852\" data-end=\"5116\">\r\n \t<li data-section-id=\"d32kv7\" data-start=\"4852\" data-end=\"4911\"><span style=\"color: #99cc00;\">\ud83d\udd0b <strong data-start=\"4857\" data-end=\"4883\">Puissance et autonomie<\/strong> : 36V 13Ah jusqu\u2019\u00e0 120 km<\/span><\/li>\r\n \t<li data-section-id=\"1cmewep\" data-start=\"4912\" data-end=\"4978\"><span style=\"color: #99cc00;\">\u2699\ufe0f <strong data-start=\"4917\" data-end=\"4944\">Technologie et s\u00e9curit\u00e9<\/strong> : Lithium-ion + BMS intelligent<\/span><\/li>\r\n \t<li data-section-id=\"li4dcz\" data-start=\"4979\" data-end=\"5031\"><span style=\"color: #99cc00;\">\ud83d\udeb2 <strong data-start=\"4984\" data-end=\"5001\">Compatibilit\u00e9<\/strong> : V\u00e9lo Gazelle Innergy Gold<\/span><\/li>\r\n \t<li data-section-id=\"pc7k4c\" data-start=\"5032\" data-end=\"5116\"><span style=\"color: #99cc00;\">\u2b50 <strong data-start=\"5036\" data-end=\"5058\">Avantage principal<\/strong> : autonomie fiable et longue dur\u00e9e pour usage quotidien<\/span><\/li>\r\n<\/ul>\r\n<p data-start=\"3960\" data-end=\"4133\">Si vous souhaitez remplacer ou am\u00e9liorer la batterie de votre v\u00e9lo Gazelle, ce mod\u00e8le repr\u00e9sente un excellent investissement en termes de performance, s\u00e9curit\u00e9 et long\u00e9vit\u00e9.<\/p>\r\n<p data-start=\"4135\" data-end=\"4232\">\ud83d\udc49 <strong data-start=\"4138\" data-end=\"4232\">Passez \u00e0 une autonomie sup\u00e9rieure et redonnez vie \u00e0 votre v\u00e9lo \u00e9lectrique d\u00e8s aujourd\u2019hui.<\/strong><\/p>\t\t\t\t\t\t<\/div>\n\t\t\t\t\t\t<a href=\"#\" rel=\"nofollow\" class=\"wd-more-desc-btn\" aria-label=\"Read more description\"><span><\/span><\/a>\n\t\t\t\t\t<\/div>\n\t\t\t\t<\/div>\n\t\t\t\t\t\t\n\t\t\t\t\t<\/div>\n\t<\/div>\n<\/div>\n<\/div>\n\t\t\t\t\t\n\t\t<\/div>\n\t\t\t\t<div class=\"wd-carousel-item\">\n\t\t\t\t\t\t\t\t\t\t\t<div class=\"wd-product wd-with-labels wd-hover-fw-button wd-hover-with-fade wd-fade-off product-grid-item product type-product post-28486 status-publish outofstock product_cat-29-4v product_cat-chargeurs-de-velos product_tag-chargeur-recharge-rapide has-post-thumbnail sale shipping-taxable purchasable product-type-simple\" data-loop=\"2\" data-id=\"28486\">\n\t\n\t\n<div class=\"product-wrapper\">\n\t<div class=\"content-product-imagin\"><\/div>\n\t<div class=\"product-element-top wd-quick-shop\">\n\t\t<a href=\"https:\/\/ateliervae.fr\/?product=chargeur-velo-electrique-phylion-29-4v-2a-rapide-performance\" class=\"product-image-link\">\n\t\t\t<div class=\"product-labels labels-rounded\"><span class=\"onsale product-label\">-33%<\/span><span class=\"out-of-stock product-label\">Sold out<\/span><\/div><img decoding=\"async\" width=\"360\" height=\"360\" src=\"https:\/\/ateliervae.fr\/wp-content\/uploads\/2026\/04\/phylion_42v_2a_2-polig_tulp_smart_oplader_fietsaccu_ebbe.ph_.304_3.jpg\" class=\"attachment-medium_large size-medium_large\" alt=\"chargeur v\u00e9lo \u00e9lectrique rapide\" srcset=\"https:\/\/ateliervae.fr\/wp-content\/uploads\/2026\/04\/phylion_42v_2a_2-polig_tulp_smart_oplader_fietsaccu_ebbe.ph_.304_3.jpg 360w, https:\/\/ateliervae.fr\/wp-content\/uploads\/2026\/04\/phylion_42v_2a_2-polig_tulp_smart_oplader_fietsaccu_ebbe.ph_.304_3-300x300.jpg 300w, https:\/\/ateliervae.fr\/wp-content\/uploads\/2026\/04\/phylion_42v_2a_2-polig_tulp_smart_oplader_fietsaccu_ebbe.ph_.304_3-150x150.jpg 150w\" sizes=\"(max-width: 360px) 100vw, 360px\" \/>\t\t<\/a>\n\n\t\t\n\t\t<div class=\"wd-buttons wd-pos-r-t\">\n\t\t\t\t\t\t\t\t<div class=\"wd-compare-btn product-compare-button wd-action-btn wd-style-icon wd-compare-icon\">\n\t\t\t<a href=\"https:\/\/ateliervae.fr\/?page_id=840\" data-id=\"28486\" rel=\"nofollow\" data-added-text=\"Compare products\">\n\t\t\t\t<span>Compare<\/span>\n\t\t\t<\/a>\n\t\t<\/div>\n\t\t\t\t\t\t\t<div class=\"quick-view wd-action-btn wd-style-icon wd-quick-view-icon\">\n\t\t\t<a\n\t\t\t\thref=\"https:\/\/ateliervae.fr\/?product=chargeur-velo-electrique-phylion-29-4v-2a-rapide-performance\"\n\t\t\t\tclass=\"open-quick-view quick-view-button\"\n\t\t\t\trel=\"nofollow\"\n\t\t\t\tdata-id=\"28486\"\n\t\t\t\t>Quick view<\/a>\n\t\t<\/div>\n\t\t\t\t\t\t\t\t<div class=\"wd-wishlist-btn wd-action-btn wd-style-icon wd-wishlist-icon\">\n\t\t\t\t<a class=\"\" href=\"https:\/\/ateliervae.fr\/?page_id=60\" data-key=\"87c2aac602\" data-product-id=\"28486\" rel=\"nofollow\" data-added-text=\"Browse Wishlist\">\n\t\t\t\t\t<span>Add to wishlist<\/span>\n\t\t\t\t<\/a>\n\t\t\t<\/div>\n\t\t\t\t<\/div>\n\t<\/div>\n\n\t<div class=\"product-element-bottom\">\n\n\t\t<h3 class=\"wd-entities-title\"><a href=\"https:\/\/ateliervae.fr\/?product=chargeur-velo-electrique-phylion-29-4v-2a-rapide-performance\">{ Chargeur v\u00e9lo \u00e9lectrique Phylion 29.4V 2A (RCA \u00e0 2 broches) chargeur pour batterie XH259-10J }<\/a><\/h3>\n\t\t\t\t<div class=\"wd-product-cats\">\n\t\t\t<a href=\"https:\/\/ateliervae.fr\/?product_cat=chargeurs-de-velos\" rel=\"tag\">Chargeurs de v\u00e9los<\/a>, <a href=\"https:\/\/ateliervae.fr\/?product_cat=29-4v\" rel=\"tag\">29.4V<\/a>\t\t<\/div>\n\t\t\t\t\t\t\t\t\t\n\t\t\t\t<div class=\"star-rating\" role=\"img\" aria-label=\"Note 0 sur 5\">\n\t\t\t\t\t<span style=\"width:0%\">\n\t\t\tNote <strong class=\"rating\">0<\/strong> sur 5\t\t<\/span>\n\t\t\t\t<\/div>\n\n\t\t\n\t\t\t\t\t\t\n\t\t\n\t\t<div class=\"wrap-price\">\n\t\t\t\n\t<span class=\"price\"><del aria-hidden=\"true\"><span class=\"woocommerce-Price-amount amount\"><bdi>100<span class=\"woocommerce-Price-currencySymbol\">&euro;<\/span><\/bdi><\/span><\/del> <span class=\"screen-reader-text\">Le prix initial \u00e9tait\u00a0: 100&euro;.<\/span><ins aria-hidden=\"true\"><span class=\"woocommerce-Price-amount amount\"><bdi>67<span class=\"woocommerce-Price-currencySymbol\">&euro;<\/span><\/bdi><\/span><\/ins><span class=\"screen-reader-text\">Le prix actuel est\u00a0: 67&euro;.<\/span><\/span>\n\n\t\t\t\t\t<\/div>\n\n\t\t<div class=\"wd-add-btn wd-add-btn-replace\">\n\t\t\t\n\t\t\t<a href=\"https:\/\/ateliervae.fr\/?product=chargeur-velo-electrique-phylion-29-4v-2a-rapide-performance\" aria-describedby=\"woocommerce_loop_add_to_cart_link_describedby_28486\" data-quantity=\"1\" class=\"button product_type_simple add-to-cart-loop\" data-product_id=\"28486\" data-product_sku=\"CHR-GRE-SSD3\" aria-label=\"En savoir plus sur &ldquo;{ Chargeur v\u00e9lo \u00e9lectrique Phylion 29.4V 2A (RCA \u00e0 2 broches) chargeur pour batterie XH259-10J }&rdquo;\" rel=\"nofollow\" data-success_message=\"\"><span>Lire la suite<\/span><\/a><span id=\"woocommerce_loop_add_to_cart_link_describedby_28486\" class=\"screen-reader-text\">\n\t<\/span>\n\t\t<\/div>\n\n\t\t\n\t\t\t\t<div class=\"fade-in-block wd-scroll\">\n\t\t\t\t\t\t\t<div class=\"hover-content-wrap\">\n\t\t\t\t\t<div class=\"hover-content wd-more-desc\">\n\t\t\t\t\t\t<div class=\"hover-content-inner wd-more-desc-inner\">\n\t\t\t\t\t\t\tDescription d\u00e9taill\u00e9e du chargeur Phylion 29.4V 2A Le chargeur v\u00e9lo \u00e9lectrique Phylion 29.4V 2A (RCA \u00e0 2 broches) est un\t\t\t\t\t\t<\/div>\n\t\t\t\t\t\t<a href=\"#\" rel=\"nofollow\" class=\"wd-more-desc-btn\" aria-label=\"Read more description\"><span><\/span><\/a>\n\t\t\t\t\t<\/div>\n\t\t\t\t<\/div>\n\t\t\t\t\t\t\n\t\t\t\t\t<\/div>\n\t<\/div>\n<\/div>\n<\/div>\n\t\t\t\t\t\n\t\t<\/div>\n\t\t\t\t<div class=\"wd-carousel-item\">\n\t\t\t\t\t\t\t\t\t\t\t<div class=\"wd-product wd-with-labels wd-hover-fw-button wd-hover-with-fade wd-fade-off product-grid-item product type-product post-372 status-publish last instock product_cat-moteurs-de-velos has-post-thumbnail shipping-taxable purchasable product-type-simple\" data-loop=\"3\" data-id=\"372\">\n\t\n\t\n<div class=\"product-wrapper\">\n\t<div class=\"content-product-imagin\"><\/div>\n\t<div class=\"product-element-top wd-quick-shop\">\n\t\t<a href=\"https:\/\/ateliervae.fr\/?product=augue-adipiscing-euismod\" class=\"product-image-link\">\n\t\t\t<div class=\"product-labels labels-rounded\"><span class=\"attribute-label product-label label-term-magisso label-attribute-pa_marque-s label-with-img\"><img loading=\"lazy\" decoding=\"async\" width=\"180\" height=\"100\" src=\"https:\/\/ateliervae.fr\/wp-content\/uploads\/2021\/08\/brand-Magisso.png\" class=\"attachment-woocommerce_thumbnail size-woocommerce_thumbnail\" alt=\"\" title=\"magisso\" \/><\/span><\/div><img loading=\"lazy\" decoding=\"async\" width=\"768\" height=\"768\" src=\"https:\/\/ateliervae.fr\/wp-content\/uploads\/2021\/10\/organic-product-5.jpg\" class=\"attachment-medium_large size-medium_large\" alt=\"\" \/>\t\t<\/a>\n\n\t\t\t\t\t<div class=\"hover-img\">\n\t\t\t\t<a href=\"https:\/\/ateliervae.fr\/?product=augue-adipiscing-euismod\" aria-label=\"Product image\">\n\t\t\t\t\t<img loading=\"lazy\" decoding=\"async\" width=\"700\" height=\"800\" src=\"https:\/\/ateliervae.fr\/wp-content\/uploads\/2021\/08\/variable-product-example-2.jpg\" class=\"attachment-medium_large size-medium_large\" alt=\"\" \/>\t\t\t\t<\/a>\n\t\t\t<\/div>\n\t\t\t\n\t\t<div class=\"wd-buttons wd-pos-r-t\">\n\t\t\t\t\t\t\t\t<div class=\"wd-compare-btn product-compare-button wd-action-btn wd-style-icon wd-compare-icon\">\n\t\t\t<a href=\"https:\/\/ateliervae.fr\/?page_id=840\" data-id=\"372\" rel=\"nofollow\" data-added-text=\"Compare products\">\n\t\t\t\t<span>Compare<\/span>\n\t\t\t<\/a>\n\t\t<\/div>\n\t\t\t\t\t\t\t<div class=\"quick-view wd-action-btn wd-style-icon wd-quick-view-icon\">\n\t\t\t<a\n\t\t\t\thref=\"https:\/\/ateliervae.fr\/?product=augue-adipiscing-euismod\"\n\t\t\t\tclass=\"open-quick-view quick-view-button\"\n\t\t\t\trel=\"nofollow\"\n\t\t\t\tdata-id=\"372\"\n\t\t\t\t>Quick view<\/a>\n\t\t<\/div>\n\t\t\t\t\t\t\t\t<div class=\"wd-wishlist-btn wd-action-btn wd-style-icon wd-wishlist-icon\">\n\t\t\t\t<a class=\"\" href=\"https:\/\/ateliervae.fr\/?page_id=60\" data-key=\"87c2aac602\" data-product-id=\"372\" rel=\"nofollow\" data-added-text=\"Browse Wishlist\">\n\t\t\t\t\t<span>Add to wishlist<\/span>\n\t\t\t\t<\/a>\n\t\t\t<\/div>\n\t\t\t\t<\/div>\n\t<\/div>\n\n\t<div class=\"product-element-bottom\">\n\n\t\t<h3 class=\"wd-entities-title\"><a href=\"https:\/\/ateliervae.fr\/?product=augue-adipiscing-euismod\">Augue adipiscing euismod<\/a><\/h3>\n\t\t\t\t<div class=\"wd-product-cats\">\n\t\t\t<a href=\"https:\/\/ateliervae.fr\/?product_cat=moteurs-de-velos\" rel=\"tag\">Moteurs de v\u00e9los<\/a>\t\t<\/div>\n\t\t\t\t\t\t\t\t\t\n\t\t\t\t<div class=\"star-rating\" role=\"img\" aria-label=\"Note 0 sur 5\">\n\t\t\t\t\t<span style=\"width:0%\">\n\t\t\tNote <strong class=\"rating\">0<\/strong> sur 5\t\t<\/span>\n\t\t\t\t<\/div>\n\n\t\t\n\t\t\t\t\t\t\n\t\t\n\t\t<div class=\"wrap-price\">\n\t\t\t\n\t<span class=\"price\"><span class=\"woocommerce-Price-amount amount\"><bdi>199<span class=\"woocommerce-Price-currencySymbol\">&euro;<\/span><\/bdi><\/span><\/span>\n\n\t\t\t\t\t<\/div>\n\n\t\t<div class=\"wd-add-btn wd-add-btn-replace\">\n\t\t\t\n\t\t\t<a href=\"\/index.php?rest_route=%2Fwp%2Fv2%2Fposts%2F438&#038;add-to-cart=372\" aria-describedby=\"woocommerce_loop_add_to_cart_link_describedby_372\" data-quantity=\"1\" class=\"button product_type_simple add_to_cart_button ajax_add_to_cart add-to-cart-loop\" data-product_id=\"372\" data-product_sku=\"MNK-001\" aria-label=\"Ajouter au panier\u00a0: &ldquo;Augue adipiscing euismod&rdquo;\" rel=\"nofollow\" data-success_message=\"\u00ab\u00a0Augue adipiscing euismod\u00a0\u00bb a \u00e9t\u00e9 ajout\u00e9 \u00e0 votre panier\" role=\"button\"><span>Ajouter au panier<\/span><\/a><span id=\"woocommerce_loop_add_to_cart_link_describedby_372\" class=\"screen-reader-text\">\n\t<\/span>\n\t\t<\/div>\n\n\t\t\n\t\t\t\t<div class=\"fade-in-block wd-scroll\">\n\t\t\t\t\t\t\t<div class=\"hover-content-wrap\">\n\t\t\t\t\t<div class=\"hover-content wd-more-desc\">\n\t\t\t\t\t\t<div class=\"hover-content-inner wd-more-desc-inner\">\n\t\t\t\t\t\t\tScelerisque facilisi rhoncus non faucibus parturient senectus lobortis a ullamcorper vestibulum mi nibh ultricies a parturient gravida a vestibulum leo sem in. Est cum torquent mi in scelerisque leo aptent per at vitae ante eleifend mollis adipiscing.\t\t\t\t\t\t<\/div>\n\t\t\t\t\t\t<a href=\"#\" rel=\"nofollow\" class=\"wd-more-desc-btn\" aria-label=\"Read more description\"><span><\/span><\/a>\n\t\t\t\t\t<\/div>\n\t\t\t\t<\/div>\n\t\t\t\t\t\t\n\t\t\t\t\t<\/div>\n\t<\/div>\n<\/div>\n<\/div>\n\t\t\t\t\t\n\t\t<\/div>\n\t\t\t\t<div class=\"wd-carousel-item\">\n\t\t\t\t\t\t\t\t\t\t\t<div class=\"wd-product wd-with-labels wd-hover-fw-button wd-hover-with-fade wd-fade-off product-grid-item product type-product post-27314 status-publish first instock product_cat-10-15-ah product_cat-360-540-wh product_cat-36v product_cat-batterie-amovible product_cat-batterie-integree product_cat-batteries-de-velos product_cat-tube-diagonal-integre product_tag-batterie-velo-electrique product_tag-batterie-velo-fiable product_tag-batterie-velo-resistante has-post-thumbnail sale featured shipping-taxable purchasable product-type-simple\" data-loop=\"4\" data-id=\"27314\">\n\t\n\t\n<div class=\"product-wrapper\">\n\t<div class=\"content-product-imagin\"><\/div>\n\t<div class=\"product-element-top wd-quick-shop\">\n\t\t<a href=\"https:\/\/ateliervae.fr\/?product=batterie-velo-electrique-occasion-bosch-powerpack-400-cadre-36v-11ah\" class=\"product-image-link\">\n\t\t\t<div class=\"product-labels labels-rounded\"><span class=\"onsale product-label\">-28%<\/span><span class=\"featured product-label\">Hot<\/span><span class=\"attribute-label product-label label-term-bosch label-attribute-pa_marque-s\">Bosch<\/span><\/div><img loading=\"lazy\" decoding=\"async\" width=\"360\" height=\"360\" src=\"https:\/\/ateliervae.fr\/wp-content\/uploads\/2026\/04\/powerpack_400_frame_performance_thumbnail_1.jpg\" class=\"attachment-medium_large size-medium_large\" alt=\"batterie de velos Bosch\" srcset=\"https:\/\/ateliervae.fr\/wp-content\/uploads\/2026\/04\/powerpack_400_frame_performance_thumbnail_1.jpg 360w, https:\/\/ateliervae.fr\/wp-content\/uploads\/2026\/04\/powerpack_400_frame_performance_thumbnail_1-300x300.jpg 300w, https:\/\/ateliervae.fr\/wp-content\/uploads\/2026\/04\/powerpack_400_frame_performance_thumbnail_1-150x150.jpg 150w\" sizes=\"(max-width: 360px) 100vw, 360px\" \/>\t\t<\/a>\n\n\t\t\n\t\t<div class=\"wd-buttons wd-pos-r-t\">\n\t\t\t\t\t\t\t\t<div class=\"wd-compare-btn product-compare-button wd-action-btn wd-style-icon wd-compare-icon\">\n\t\t\t<a href=\"https:\/\/ateliervae.fr\/?page_id=840\" data-id=\"27314\" rel=\"nofollow\" data-added-text=\"Compare products\">\n\t\t\t\t<span>Compare<\/span>\n\t\t\t<\/a>\n\t\t<\/div>\n\t\t\t\t\t\t\t<div class=\"quick-view wd-action-btn wd-style-icon wd-quick-view-icon\">\n\t\t\t<a\n\t\t\t\thref=\"https:\/\/ateliervae.fr\/?product=batterie-velo-electrique-occasion-bosch-powerpack-400-cadre-36v-11ah\"\n\t\t\t\tclass=\"open-quick-view quick-view-button\"\n\t\t\t\trel=\"nofollow\"\n\t\t\t\tdata-id=\"27314\"\n\t\t\t\t>Quick view<\/a>\n\t\t<\/div>\n\t\t\t\t\t\t\t\t<div class=\"wd-wishlist-btn wd-action-btn wd-style-icon wd-wishlist-icon\">\n\t\t\t\t<a class=\"\" href=\"https:\/\/ateliervae.fr\/?page_id=60\" data-key=\"87c2aac602\" data-product-id=\"27314\" rel=\"nofollow\" data-added-text=\"Browse Wishlist\">\n\t\t\t\t\t<span>Add to wishlist<\/span>\n\t\t\t\t<\/a>\n\t\t\t<\/div>\n\t\t\t\t<\/div>\n\t<\/div>\n\n\t<div class=\"product-element-bottom\">\n\n\t\t<h3 class=\"wd-entities-title\"><a href=\"https:\/\/ateliervae.fr\/?product=batterie-velo-electrique-occasion-bosch-powerpack-400-cadre-36v-11ah\">Batterie pour velo  Bosch PowerPack 400 Cadre 36V 11Ah<\/a><\/h3>\n\t\t\t\t<div class=\"wd-product-cats\">\n\t\t\t<a href=\"https:\/\/ateliervae.fr\/?product_cat=36v\" rel=\"tag\">36V<\/a>, <a href=\"https:\/\/ateliervae.fr\/?product_cat=10-15-ah\" rel=\"tag\">10\u201315 Ah<\/a>, <a href=\"https:\/\/ateliervae.fr\/?product_cat=360-540-wh\" rel=\"tag\">360\u2013540 Wh<\/a>, <a href=\"https:\/\/ateliervae.fr\/?product_cat=batterie-amovible\" rel=\"tag\">Batterie amovible<\/a>, <a href=\"https:\/\/ateliervae.fr\/?product_cat=batteries-de-velos\" rel=\"tag\">Batteries de v\u00e9los<\/a>, <a href=\"https:\/\/ateliervae.fr\/?product_cat=batterie-integree\" rel=\"tag\">Batterie Int\u00e9gr\u00e9e<\/a>, <a href=\"https:\/\/ateliervae.fr\/?product_cat=tube-diagonal-integre\" rel=\"tag\">Tube diagonal int\u00e9gr\u00e9<\/a>\t\t<\/div>\n\t\t\t\t\t\t\t\t\t\n\t\t\t\t<div class=\"star-rating\" role=\"img\" aria-label=\"Note 0 sur 5\">\n\t\t\t\t\t<span style=\"width:0%\">\n\t\t\tNote <strong class=\"rating\">0<\/strong> sur 5\t\t<\/span>\n\t\t\t\t<\/div>\n\n\t\t\n\t\t\t\t\t\t\n\t\t\n\t\t<div class=\"wrap-price\">\n\t\t\t\n\t<span class=\"price\"><del aria-hidden=\"true\"><span class=\"woocommerce-Price-amount amount\"><bdi>499<span class=\"woocommerce-Price-currencySymbol\">&euro;<\/span><\/bdi><\/span><\/del> <span class=\"screen-reader-text\">Le prix initial \u00e9tait\u00a0: 499&euro;.<\/span><ins aria-hidden=\"true\"><span class=\"woocommerce-Price-amount amount\"><bdi>359<span class=\"woocommerce-Price-currencySymbol\">&euro;<\/span><\/bdi><\/span><\/ins><span class=\"screen-reader-text\">Le prix actuel est\u00a0: 359&euro;.<\/span><\/span>\n\n\t\t\t\t\t<\/div>\n\n\t\t<div class=\"wd-add-btn wd-add-btn-replace\">\n\t\t\t\n\t\t\t<a href=\"\/index.php?rest_route=%2Fwp%2Fv2%2Fposts%2F438&#038;add-to-cart=27314\" aria-describedby=\"woocommerce_loop_add_to_cart_link_describedby_27314\" data-quantity=\"1\" class=\"button product_type_simple add_to_cart_button ajax_add_to_cart add-to-cart-loop\" data-product_id=\"27314\" data-product_sku=\"BATT-120-NTR9\" aria-label=\"Ajouter au panier\u00a0: &ldquo;Batterie pour velo  Bosch PowerPack 400 Cadre 36V 11Ah&rdquo;\" rel=\"nofollow\" data-success_message=\"\u00ab\u00a0Batterie pour velo  Bosch PowerPack 400 Cadre 36V 11Ah\u00a0\u00bb a \u00e9t\u00e9 ajout\u00e9 \u00e0 votre panier\" role=\"button\"><span>Ajouter au panier<\/span><\/a><span id=\"woocommerce_loop_add_to_cart_link_describedby_27314\" class=\"screen-reader-text\">\n\t<\/span>\n\t\t<\/div>\n\n\t\t\n\t\t\t\t<div class=\"fade-in-block wd-scroll\">\n\t\t\t\t\t\t\t<div class=\"hover-content-wrap\">\n\t\t\t\t\t<div class=\"hover-content wd-more-desc\">\n\t\t\t\t\t\t<div class=\"hover-content-inner wd-more-desc-inner\">\n\t\t\t\t\t\t\t<ul data-start=\"4807\" data-end=\"5069\">\r\n \t<li data-section-id=\"ncah2l\" data-start=\"4807\" data-end=\"4867\"><span style=\"color: #808000;\">\ud83d\udd0b <strong data-start=\"4812\" data-end=\"4838\">Puissance et autonomie<\/strong> : 36V 11Ah, jusqu\u2019\u00e0 120 km<\/span><\/li>\r\n \t<li data-section-id=\"6nazze\" data-start=\"4868\" data-end=\"4933\"><span style=\"color: #808000;\">\u2699\ufe0f <strong data-start=\"4873\" data-end=\"4900\">Technologie et s\u00e9curit\u00e9<\/strong> : Lithium-ion avec BMS int\u00e9gr\u00e9<\/span><\/li>\r\n \t<li data-section-id=\"1tv9hob\" data-start=\"4934\" data-end=\"4997\"><span style=\"color: #808000;\">\ud83d\udd04 <strong data-start=\"4939\" data-end=\"4956\">Compatibilit\u00e9<\/strong> : Syst\u00e8mes Bosch Active et Performance<\/span><\/li>\r\n \t<li data-section-id=\"qorxg4\" data-start=\"4998\" data-end=\"5069\"><span style=\"color: #808000;\">\u2b50 <strong data-start=\"5002\" data-end=\"5018\">Avantage cl\u00e9<\/strong> : excellent rapport autonomie \/ prix \/ fiabilit\u00e9.<\/span><\/li>\r\n \t<li data-section-id=\"qorxg4\" data-start=\"4998\" data-end=\"5069\">\r\n<p data-start=\"3601\" data-end=\"3776\">Si vous recherchez une <strong data-start=\"3624\" data-end=\"3651\">batterie de v\u00e9los Bosch<\/strong> offrant une excellente autonomie, une s\u00e9curit\u00e9 renforc\u00e9e et un excellent rapport qualit\u00e9-prix, ce mod\u00e8le est fait pour vous.<\/p>\r\n<p data-start=\"3778\" data-end=\"3872\">\ud83d\udc49 <strong data-start=\"3781\" data-end=\"3872\">Passez \u00e0 l\u2019action d\u00e8s maintenant et redonnez une nouvelle vie \u00e0 votre v\u00e9lo \u00e9lectrique !<\/strong><\/p>\r\n<\/li>\r\n<\/ul>\t\t\t\t\t\t<\/div>\n\t\t\t\t\t\t<a href=\"#\" rel=\"nofollow\" class=\"wd-more-desc-btn\" aria-label=\"Read more description\"><span><\/span><\/a>\n\t\t\t\t\t<\/div>\n\t\t\t\t<\/div>\n\t\t\t\t\t\t\n\t\t\t\t\t<\/div>\n\t<\/div>\n<\/div>\n<\/div>\n\t\t\t\t\t\n\t\t<\/div>\n\t\t\t\t<div class=\"wd-carousel-item\">\n\t\t\t\t\t\t\t\t\t\t\t<div class=\"wd-product wd-with-labels wd-hover-fw-button wd-hover-with-fade wd-fade-off product-grid-item product type-product post-27309 status-publish outofstock product_cat-20-ah-36v-batterie-integree product_cat-36v-batterie-integree product_cat-720-wh-20-ah-36v-batterie-integree product_cat-batterie-integree product_cat-batteries-de-velos product_cat-cadre-integre has-post-thumbnail sale shipping-taxable purchasable product-type-simple\" data-loop=\"5\" data-id=\"27309\">\n\t\n\t\n<div class=\"product-wrapper\">\n\t<div class=\"content-product-imagin\"><\/div>\n\t<div class=\"product-element-top wd-quick-shop\">\n\t\t<a href=\"https:\/\/ateliervae.fr\/?product=bosch-powerpack-800-smart-cadre\" class=\"product-image-link\">\n\t\t\t<div class=\"product-labels labels-rounded\"><span class=\"onsale product-label\">-28%<\/span><span class=\"out-of-stock product-label\">Sold out<\/span><span class=\"attribute-label product-label label-term-bosch label-attribute-pa_marque-s\">Bosch<\/span><\/div><img loading=\"lazy\" decoding=\"async\" width=\"360\" height=\"360\" src=\"https:\/\/ateliervae.fr\/wp-content\/uploads\/2026\/04\/745_smart_logo.jpg\" class=\"attachment-medium_large size-medium_large\" alt=\"batterie bosch longue autonomie\" srcset=\"https:\/\/ateliervae.fr\/wp-content\/uploads\/2026\/04\/745_smart_logo.jpg 360w, https:\/\/ateliervae.fr\/wp-content\/uploads\/2026\/04\/745_smart_logo-300x300.jpg 300w, https:\/\/ateliervae.fr\/wp-content\/uploads\/2026\/04\/745_smart_logo-150x150.jpg 150w\" sizes=\"(max-width: 360px) 100vw, 360px\" \/>\t\t<\/a>\n\n\t\t\n\t\t<div class=\"wd-buttons wd-pos-r-t\">\n\t\t\t\t\t\t\t\t<div class=\"wd-compare-btn product-compare-button wd-action-btn wd-style-icon wd-compare-icon\">\n\t\t\t<a href=\"https:\/\/ateliervae.fr\/?page_id=840\" data-id=\"27309\" rel=\"nofollow\" data-added-text=\"Compare products\">\n\t\t\t\t<span>Compare<\/span>\n\t\t\t<\/a>\n\t\t<\/div>\n\t\t\t\t\t\t\t<div class=\"quick-view wd-action-btn wd-style-icon wd-quick-view-icon\">\n\t\t\t<a\n\t\t\t\thref=\"https:\/\/ateliervae.fr\/?product=bosch-powerpack-800-smart-cadre\"\n\t\t\t\tclass=\"open-quick-view quick-view-button\"\n\t\t\t\trel=\"nofollow\"\n\t\t\t\tdata-id=\"27309\"\n\t\t\t\t>Quick view<\/a>\n\t\t<\/div>\n\t\t\t\t\t\t\t\t<div class=\"wd-wishlist-btn wd-action-btn wd-style-icon wd-wishlist-icon\">\n\t\t\t\t<a class=\"\" href=\"https:\/\/ateliervae.fr\/?page_id=60\" data-key=\"87c2aac602\" data-product-id=\"27309\" rel=\"nofollow\" data-added-text=\"Browse Wishlist\">\n\t\t\t\t\t<span>Add to wishlist<\/span>\n\t\t\t\t<\/a>\n\t\t\t<\/div>\n\t\t\t\t<\/div>\n\t<\/div>\n\n\t<div class=\"product-element-bottom\">\n\n\t\t<h3 class=\"wd-entities-title\"><a href=\"https:\/\/ateliervae.fr\/?product=bosch-powerpack-800-smart-cadre\">Batterie pour v\u00e9lo \u00e9lectrique Bosch PowerPack 800 Smart Cadre<\/a><\/h3>\n\t\t\t\t<div class=\"wd-product-cats\">\n\t\t\t<a href=\"https:\/\/ateliervae.fr\/?product_cat=36v-batterie-integree\" rel=\"tag\">36V<\/a>, <a href=\"https:\/\/ateliervae.fr\/?product_cat=20-ah-36v-batterie-integree\" rel=\"tag\">20+ Ah<\/a>, <a href=\"https:\/\/ateliervae.fr\/?product_cat=batterie-integree\" rel=\"tag\">Batterie Int\u00e9gr\u00e9e<\/a>, <a href=\"https:\/\/ateliervae.fr\/?product_cat=720-wh-20-ah-36v-batterie-integree\" rel=\"tag\">720+ Wh<\/a>, <a href=\"https:\/\/ateliervae.fr\/?product_cat=batteries-de-velos\" rel=\"tag\">Batteries de v\u00e9los<\/a>, <a href=\"https:\/\/ateliervae.fr\/?product_cat=cadre-integre\" rel=\"tag\">Cadre int\u00e9gr\u00e9<\/a>\t\t<\/div>\n\t\t\t\t\t\t\t\t\t\n\t\t\t\t<div class=\"star-rating\" role=\"img\" aria-label=\"Note 0 sur 5\">\n\t\t\t\t\t<span style=\"width:0%\">\n\t\t\tNote <strong class=\"rating\">0<\/strong> sur 5\t\t<\/span>\n\t\t\t\t<\/div>\n\n\t\t\n\t\t\t\t\t\t\n\t\t\n\t\t<div class=\"wrap-price\">\n\t\t\t\n\t<span class=\"price\"><del aria-hidden=\"true\"><span class=\"woocommerce-Price-amount amount\"><bdi>899<span class=\"woocommerce-Price-currencySymbol\">&euro;<\/span><\/bdi><\/span><\/del> <span class=\"screen-reader-text\">Le prix initial \u00e9tait\u00a0: 899&euro;.<\/span><ins aria-hidden=\"true\"><span class=\"woocommerce-Price-amount amount\"><bdi>645<span class=\"woocommerce-Price-currencySymbol\">&euro;<\/span><\/bdi><\/span><\/ins><span class=\"screen-reader-text\">Le prix actuel est\u00a0: 645&euro;.<\/span><\/span>\n\n\t\t\t\t\t<\/div>\n\n\t\t<div class=\"wd-add-btn wd-add-btn-replace\">\n\t\t\t\n\t\t\t<a href=\"https:\/\/ateliervae.fr\/?product=bosch-powerpack-800-smart-cadre\" aria-describedby=\"woocommerce_loop_add_to_cart_link_describedby_27309\" data-quantity=\"1\" class=\"button product_type_simple add-to-cart-loop\" data-product_id=\"27309\" data-product_sku=\"BATT-444-NUT\" aria-label=\"En savoir plus sur &ldquo;Batterie pour v\u00e9lo \u00e9lectrique Bosch PowerPack 800 Smart Cadre&rdquo;\" rel=\"nofollow\" data-success_message=\"\"><span>Lire la suite<\/span><\/a><span id=\"woocommerce_loop_add_to_cart_link_describedby_27309\" class=\"screen-reader-text\">\n\t<\/span>\n\t\t<\/div>\n\n\t\t\n\t\t\t\t<div class=\"fade-in-block wd-scroll\">\n\t\t\t\t\t\t\t<div class=\"hover-content-wrap\">\n\t\t\t\t\t<div class=\"hover-content wd-more-desc\">\n\t\t\t\t\t\t<div class=\"hover-content-inner wd-more-desc-inner\">\n\t\t\t\t\t\t\t<ul data-start=\"4837\" data-end=\"5099\">\r\n \t<li data-section-id=\"1bjsdxq\" data-start=\"4837\" data-end=\"4899\"><span style=\"color: #808000;\">\u26a1 <strong data-start=\"4841\" data-end=\"4867\">Puissance et autonomie<\/strong> : 800 Wh pour longues distances<\/span><\/li>\r\n \t<li data-section-id=\"8ta1f5\" data-start=\"4900\" data-end=\"4964\"><span style=\"color: #808000;\">\ud83d\udd0b <strong data-start=\"4905\" data-end=\"4932\">Technologie et s\u00e9curit\u00e9<\/strong> : Lithium-ion + BMS intelligent<\/span><\/li>\r\n \t<li data-section-id=\"1cxdtev\" data-start=\"4965\" data-end=\"5028\"><span style=\"color: #808000;\">\ud83d\udeb2 <strong data-start=\"4970\" data-end=\"4987\">Compatibilit\u00e9<\/strong> : Bosch Smart System Performance Line CX<\/span><\/li>\r\n \t<li data-section-id=\"as5g84\" data-start=\"5029\" data-end=\"5099\"><span style=\"color: #808000;\">\u2b50 <strong data-start=\"5033\" data-end=\"5055\">Avantage principal<\/strong> : autonomie sup\u00e9rieure et fiabilit\u00e9 premium<\/span><\/li>\r\n \t<li data-section-id=\"as5g84\" data-start=\"5029\" data-end=\"5099\">\r\n<p data-start=\"3842\" data-end=\"3968\">Que vous soyez cycliste urbain ou adepte de longues randonn\u00e9es, cette batterie vous garantit performance, s\u00e9curit\u00e9 et confort.<\/p>\r\n<p data-start=\"3970\" data-end=\"4090\"><strong>\ud83d\udc49 Passez \u00e0 la vitesse sup\u00e9rieure avec une autonomie maximale et \u00e9quipez votre v\u00e9lo du meilleur de la technologie Bosch.<\/strong><\/p>\r\n<\/li>\r\n<\/ul>\t\t\t\t\t\t<\/div>\n\t\t\t\t\t\t<a href=\"#\" rel=\"nofollow\" class=\"wd-more-desc-btn\" aria-label=\"Read more description\"><span><\/span><\/a>\n\t\t\t\t\t<\/div>\n\t\t\t\t<\/div>\n\t\t\t\t\t\t\n\t\t\t\t\t<\/div>\n\t<\/div>\n<\/div>\n<\/div>\n\t\t\t\t\t\n\t\t<\/div>\n\t\t\t\t<div class=\"wd-carousel-item\">\n\t\t\t\t\t\t\t\t\t\t\t<div class=\"wd-product wd-with-labels wd-hover-fw-button wd-hover-with-fade wd-fade-off product-grid-item product type-product post-27512 status-publish instock product_cat-10-15-ah-36v-batterie-porte-bagage product_cat-360-540-wh-10-15-ah-36v-batterie-porte-bagage product_cat-36v-batterie-porte-bagage product_cat-batterie-porte-bagage product_cat-batteries-de-velos product_tag-batterie-velo-fiable product_tag-batterie-velo-resistante has-post-thumbnail sale shipping-taxable purchasable product-type-simple\" data-loop=\"6\" data-id=\"27512\">\n\t\n\t\n<div class=\"product-wrapper\">\n\t<div class=\"content-product-imagin\"><\/div>\n\t<div class=\"product-element-top wd-quick-shop\">\n\t\t<a href=\"https:\/\/ateliervae.fr\/?product=phylion-37v-14-5ah-compatible-avec-feu-arriere-et-chargeur-inclus\" class=\"product-image-link\">\n\t\t\t<div class=\"product-labels labels-rounded\"><span class=\"onsale product-label\">-21%<\/span><\/div><img loading=\"lazy\" decoding=\"async\" width=\"360\" height=\"360\" src=\"https:\/\/ateliervae.fr\/wp-content\/uploads\/2026\/04\/ph.041_lader_bundel.png\" class=\"attachment-medium_large size-medium_large\" alt=\"batterie v\u00e9lo grande autonomie\" srcset=\"https:\/\/ateliervae.fr\/wp-content\/uploads\/2026\/04\/ph.041_lader_bundel.png 360w, https:\/\/ateliervae.fr\/wp-content\/uploads\/2026\/04\/ph.041_lader_bundel-300x300.png 300w, https:\/\/ateliervae.fr\/wp-content\/uploads\/2026\/04\/ph.041_lader_bundel-150x150.png 150w\" sizes=\"(max-width: 360px) 100vw, 360px\" \/>\t\t<\/a>\n\n\t\t\n\t\t<div class=\"wd-buttons wd-pos-r-t\">\n\t\t\t\t\t\t\t\t<div class=\"wd-compare-btn product-compare-button wd-action-btn wd-style-icon wd-compare-icon\">\n\t\t\t<a href=\"https:\/\/ateliervae.fr\/?page_id=840\" data-id=\"27512\" rel=\"nofollow\" data-added-text=\"Compare products\">\n\t\t\t\t<span>Compare<\/span>\n\t\t\t<\/a>\n\t\t<\/div>\n\t\t\t\t\t\t\t<div class=\"quick-view wd-action-btn wd-style-icon wd-quick-view-icon\">\n\t\t\t<a\n\t\t\t\thref=\"https:\/\/ateliervae.fr\/?product=phylion-37v-14-5ah-compatible-avec-feu-arriere-et-chargeur-inclus\"\n\t\t\t\tclass=\"open-quick-view quick-view-button\"\n\t\t\t\trel=\"nofollow\"\n\t\t\t\tdata-id=\"27512\"\n\t\t\t\t>Quick view<\/a>\n\t\t<\/div>\n\t\t\t\t\t\t\t\t<div class=\"wd-wishlist-btn wd-action-btn wd-style-icon wd-wishlist-icon\">\n\t\t\t\t<a class=\"\" href=\"https:\/\/ateliervae.fr\/?page_id=60\" data-key=\"87c2aac602\" data-product-id=\"27512\" rel=\"nofollow\" data-added-text=\"Browse Wishlist\">\n\t\t\t\t\t<span>Add to wishlist<\/span>\n\t\t\t\t<\/a>\n\t\t\t<\/div>\n\t\t\t\t<\/div>\n\t<\/div>\n\n\t<div class=\"product-element-bottom\">\n\n\t\t<h3 class=\"wd-entities-title\"><a href=\"https:\/\/ateliervae.fr\/?product=phylion-37v-14-5ah-compatible-avec-feu-arriere-et-chargeur-inclus\">Batterie pour velo Phylion 37V 14.5Ah\/ 535Wh Compatible avec chargeur inclus.<\/a><\/h3>\n\t\t\t\t<div class=\"wd-product-cats\">\n\t\t\t<a href=\"https:\/\/ateliervae.fr\/?product_cat=36v-batterie-porte-bagage\" rel=\"tag\">36V<\/a>, <a href=\"https:\/\/ateliervae.fr\/?product_cat=10-15-ah-36v-batterie-porte-bagage\" rel=\"tag\">10\u201315 Ah<\/a>, <a href=\"https:\/\/ateliervae.fr\/?product_cat=360-540-wh-10-15-ah-36v-batterie-porte-bagage\" rel=\"tag\">360\u2013540 Wh<\/a>, <a href=\"https:\/\/ateliervae.fr\/?product_cat=batterie-porte-bagage\" rel=\"tag\">Batterie porte-bagage<\/a>, <a href=\"https:\/\/ateliervae.fr\/?product_cat=batteries-de-velos\" rel=\"tag\">Batteries de v\u00e9los<\/a>\t\t<\/div>\n\t\t\t\t\t\t\t\t\t\n\t\t\t\t<div class=\"star-rating\" role=\"img\" aria-label=\"Note 0 sur 5\">\n\t\t\t\t\t<span style=\"width:0%\">\n\t\t\tNote <strong class=\"rating\">0<\/strong> sur 5\t\t<\/span>\n\t\t\t\t<\/div>\n\n\t\t\n\t\t\t\t\t\t\n\t\t\n\t\t<div class=\"wrap-price\">\n\t\t\t\n\t<span class=\"price\"><del aria-hidden=\"true\"><span class=\"woocommerce-Price-amount amount\"><bdi>520<span class=\"woocommerce-Price-currencySymbol\">&euro;<\/span><\/bdi><\/span><\/del> <span class=\"screen-reader-text\">Le prix initial \u00e9tait\u00a0: 520&euro;.<\/span><ins aria-hidden=\"true\"><span class=\"woocommerce-Price-amount amount\"><bdi>410<span class=\"woocommerce-Price-currencySymbol\">&euro;<\/span><\/bdi><\/span><\/ins><span class=\"screen-reader-text\">Le prix actuel est\u00a0: 410&euro;.<\/span><\/span>\n\n\t\t\t\t\t<\/div>\n\n\t\t<div class=\"wd-add-btn wd-add-btn-replace\">\n\t\t\t\n\t\t\t<a href=\"\/index.php?rest_route=%2Fwp%2Fv2%2Fposts%2F438&#038;add-to-cart=27512\" aria-describedby=\"woocommerce_loop_add_to_cart_link_describedby_27512\" data-quantity=\"1\" class=\"button product_type_simple add_to_cart_button ajax_add_to_cart add-to-cart-loop\" data-product_id=\"27512\" data-product_sku=\"BATT-022-NNG\" aria-label=\"Ajouter au panier\u00a0: &ldquo;Batterie pour velo Phylion 37V 14.5Ah\/ 535Wh Compatible avec chargeur inclus.&rdquo;\" rel=\"nofollow\" data-success_message=\"\u00ab\u00a0Batterie pour velo Phylion 37V 14.5Ah\/ 535Wh Compatible avec chargeur inclus.\u00a0\u00bb a \u00e9t\u00e9 ajout\u00e9 \u00e0 votre panier\" role=\"button\"><span>Ajouter au panier<\/span><\/a><span id=\"woocommerce_loop_add_to_cart_link_describedby_27512\" class=\"screen-reader-text\">\n\t<\/span>\n\t\t<\/div>\n\n\t\t\n\t\t\t\t<div class=\"fade-in-block wd-scroll\">\n\t\t\t\t\t\t\t<div class=\"hover-content-wrap\">\n\t\t\t\t\t<div class=\"hover-content wd-more-desc\">\n\t\t\t\t\t\t<div class=\"hover-content-inner wd-more-desc-inner\">\n\t\t\t\t\t\t\t<ul data-start=\"5424\" data-end=\"5697\">\r\n \t<li data-section-id=\"1yi2dvf\" data-start=\"5424\" data-end=\"5489\"><span style=\"color: #99cc00;\">\ud83d\udd0b Puissance et autonomie : 37V 14.5Ah pour longues distances<\/span><\/li>\r\n \t<li data-section-id=\"1lrvp7c\" data-start=\"5490\" data-end=\"5548\"><span style=\"color: #99cc00;\">\ud83e\udde0 Technologie et s\u00e9curit\u00e9 : Lithium-ion + BMS int\u00e9gr\u00e9<\/span><\/li>\r\n \t<li data-section-id=\"quarjf\" data-start=\"5549\" data-end=\"5612\"><span style=\"color: #99cc00;\">\ud83d\udd0c Compatibilit\u00e9 : v\u00e9los \u00e9lectriques 36V \/ syst\u00e8mes Phylion<\/span><\/li>\r\n \t<li data-section-id=\"1a9giu9\" data-start=\"5613\" data-end=\"5697\"><span style=\"color: #99cc00;\">\ud83d\udeb4\u200d\u2642\ufe0f Avantage principal : batterie v\u00e9lo grande autonomie performante et durable<\/span><\/li>\r\n \t<li data-section-id=\"1a9giu9\" data-start=\"5613\" data-end=\"5697\">\r\n<p data-start=\"4334\" data-end=\"4469\">\ud83d\udc49 C\u2019est la solution parfaite pour remplacer une batterie ancienne ou augmenter significativement l\u2019autonomie de votre v\u00e9lo \u00e9lectrique.<\/p>\r\n<p data-start=\"4471\" data-end=\"4588\"><strong data-start=\"4471\" data-end=\"4588\">Commandez d\u00e8s maintenant et profitez d\u2019une nouvelle exp\u00e9rience de conduite sans contrainte de recharge fr\u00e9quente.<\/strong><\/p>\r\n<\/li>\r\n<\/ul>\t\t\t\t\t\t<\/div>\n\t\t\t\t\t\t<a href=\"#\" rel=\"nofollow\" class=\"wd-more-desc-btn\" aria-label=\"Read more description\"><span><\/span><\/a>\n\t\t\t\t\t<\/div>\n\t\t\t\t<\/div>\n\t\t\t\t\t\t\n\t\t\t\t\t<\/div>\n\t<\/div>\n<\/div>\n<\/div>\n\t\t\t\t\t\n\t\t<\/div>\n\t\t\t\t<div class=\"wd-carousel-item\">\n\t\t\t\t\t\t\t\t\t\t\t<div class=\"wd-product wd-with-labels wd-hover-fw-button wd-hover-with-fade wd-fade-off product-grid-item product type-product post-27590 status-publish last instock product_cat-10-15-ah-36v-batterie-porte-bagage product_cat-360-540-wh-10-15-ah-36v-batterie-porte-bagage product_cat-36v-batterie-porte-bagage product_cat-batterie-porte-bagage product_cat-batteries-de-velos product_tag-batterie-velo-electrique product_tag-batterie-velo-fiable product_tag-batterie-velo-resistante has-post-thumbnail featured shipping-taxable purchasable product-type-simple\" data-loop=\"7\" data-id=\"27590\">\n\t\n\t\n<div class=\"product-wrapper\">\n\t<div class=\"content-product-imagin\"><\/div>\n\t<div class=\"product-element-top wd-quick-shop\">\n\t\t<a href=\"https:\/\/ateliervae.fr\/?product=phylion-sf-03-37v-11ah-batterie-velo-2\" class=\"product-image-link\">\n\t\t\t<div class=\"product-labels labels-rounded\"><span class=\"featured product-label\">Hot<\/span><\/div><img loading=\"lazy\" decoding=\"async\" width=\"360\" height=\"360\" src=\"https:\/\/ateliervae.fr\/wp-content\/uploads\/2026\/04\/phylion_sf-03_14.5ah_-_driekwartaanzicht_1.jpg\" class=\"attachment-medium_large size-medium_large\" alt=\"meilleure batterie pour v\u00e9lo electrique\" srcset=\"https:\/\/ateliervae.fr\/wp-content\/uploads\/2026\/04\/phylion_sf-03_14.5ah_-_driekwartaanzicht_1.jpg 360w, https:\/\/ateliervae.fr\/wp-content\/uploads\/2026\/04\/phylion_sf-03_14.5ah_-_driekwartaanzicht_1-300x300.jpg 300w, https:\/\/ateliervae.fr\/wp-content\/uploads\/2026\/04\/phylion_sf-03_14.5ah_-_driekwartaanzicht_1-150x150.jpg 150w\" sizes=\"(max-width: 360px) 100vw, 360px\" \/>\t\t<\/a>\n\n\t\t\n\t\t<div class=\"wd-buttons wd-pos-r-t\">\n\t\t\t\t\t\t\t\t<div class=\"wd-compare-btn product-compare-button wd-action-btn wd-style-icon wd-compare-icon\">\n\t\t\t<a href=\"https:\/\/ateliervae.fr\/?page_id=840\" data-id=\"27590\" rel=\"nofollow\" data-added-text=\"Compare products\">\n\t\t\t\t<span>Compare<\/span>\n\t\t\t<\/a>\n\t\t<\/div>\n\t\t\t\t\t\t\t<div class=\"quick-view wd-action-btn wd-style-icon wd-quick-view-icon\">\n\t\t\t<a\n\t\t\t\thref=\"https:\/\/ateliervae.fr\/?product=phylion-sf-03-37v-11ah-batterie-velo-2\"\n\t\t\t\tclass=\"open-quick-view quick-view-button\"\n\t\t\t\trel=\"nofollow\"\n\t\t\t\tdata-id=\"27590\"\n\t\t\t\t>Quick view<\/a>\n\t\t<\/div>\n\t\t\t\t\t\t\t\t<div class=\"wd-wishlist-btn wd-action-btn wd-style-icon wd-wishlist-icon\">\n\t\t\t\t<a class=\"\" href=\"https:\/\/ateliervae.fr\/?page_id=60\" data-key=\"87c2aac602\" data-product-id=\"27590\" rel=\"nofollow\" data-added-text=\"Browse Wishlist\">\n\t\t\t\t\t<span>Add to wishlist<\/span>\n\t\t\t\t<\/a>\n\t\t\t<\/div>\n\t\t\t\t<\/div>\n\t<\/div>\n\n\t<div class=\"product-element-bottom\">\n\n\t\t<h3 class=\"wd-entities-title\"><a href=\"https:\/\/ateliervae.fr\/?product=phylion-sf-03-37v-11ah-batterie-velo-2\">Batterie pour velo Phylion SF-03 37V 11Ah Environ 407 Wh<\/a><\/h3>\n\t\t\t\t<div class=\"wd-product-cats\">\n\t\t\t<a href=\"https:\/\/ateliervae.fr\/?product_cat=36v-batterie-porte-bagage\" rel=\"tag\">36V<\/a>, <a href=\"https:\/\/ateliervae.fr\/?product_cat=10-15-ah-36v-batterie-porte-bagage\" rel=\"tag\">10\u201315 Ah<\/a>, <a href=\"https:\/\/ateliervae.fr\/?product_cat=360-540-wh-10-15-ah-36v-batterie-porte-bagage\" rel=\"tag\">360\u2013540 Wh<\/a>, <a href=\"https:\/\/ateliervae.fr\/?product_cat=batterie-porte-bagage\" rel=\"tag\">Batterie porte-bagage<\/a>, <a href=\"https:\/\/ateliervae.fr\/?product_cat=batteries-de-velos\" rel=\"tag\">Batteries de v\u00e9los<\/a>\t\t<\/div>\n\t\t\t\t\t\t\t\t\t\n\t\t\t\t<div class=\"star-rating\" role=\"img\" aria-label=\"Note 0 sur 5\">\n\t\t\t\t\t<span style=\"width:0%\">\n\t\t\tNote <strong class=\"rating\">0<\/strong> sur 5\t\t<\/span>\n\t\t\t\t<\/div>\n\n\t\t\n\t\t\t\t\t\t\n\t\t\n\t\t<div class=\"wrap-price\">\n\t\t\t\n\t<span class=\"price\"><span class=\"woocommerce-Price-amount amount\"><bdi>399<span class=\"woocommerce-Price-currencySymbol\">&euro;<\/span><\/bdi><\/span><\/span>\n\n\t\t\t\t\t<\/div>\n\n\t\t<div class=\"wd-add-btn wd-add-btn-replace\">\n\t\t\t\n\t\t\t<a href=\"\/index.php?rest_route=%2Fwp%2Fv2%2Fposts%2F438&#038;add-to-cart=27590\" aria-describedby=\"woocommerce_loop_add_to_cart_link_describedby_27590\" data-quantity=\"1\" class=\"button product_type_simple add_to_cart_button ajax_add_to_cart add-to-cart-loop\" data-product_id=\"27590\" data-product_sku=\"BATT-099-NQA\" aria-label=\"Ajouter au panier\u00a0: &ldquo;Batterie pour velo Phylion SF-03 37V 11Ah Environ 407 Wh&rdquo;\" rel=\"nofollow\" data-success_message=\"\u00ab\u00a0Batterie pour velo Phylion SF-03 37V 11Ah Environ 407 Wh\u00a0\u00bb a \u00e9t\u00e9 ajout\u00e9 \u00e0 votre panier\" role=\"button\"><span>Ajouter au panier<\/span><\/a><span id=\"woocommerce_loop_add_to_cart_link_describedby_27590\" class=\"screen-reader-text\">\n\t<\/span>\n\t\t<\/div>\n\n\t\t\n\t\t\t\t<div class=\"fade-in-block wd-scroll\">\n\t\t\t\t\t\t\t<div class=\"hover-content-wrap\">\n\t\t\t\t\t<div class=\"hover-content wd-more-desc\">\n\t\t\t\t\t\t<div class=\"hover-content-inner wd-more-desc-inner\">\n\t\t\t\t\t\t\t<ul data-start=\"4649\" data-end=\"4881\">\r\n \t<li data-section-id=\"1voynrp\" data-start=\"4649\" data-end=\"4709\"><span style=\"color: #99cc00;\">\u26a1 Puissance et autonomie optimis\u00e9es pour usage quotidien<\/span><\/li>\r\n \t<li data-section-id=\"ndhrzk\" data-start=\"4710\" data-end=\"4761\"><span style=\"color: #99cc00;\">\ud83d\udd0b Technologie Lithium-ion s\u00e9curis\u00e9e et durable<\/span><\/li>\r\n \t<li data-section-id=\"1wsdh94\" data-start=\"4762\" data-end=\"4814\"><span style=\"color: #99cc00;\">\ud83d\udd27 Compatibilit\u00e9 avec nombreux v\u00e9los \u00e9lectriques<\/span><\/li>\r\n \t<li data-section-id=\"1xo0tnm\" data-start=\"4815\" data-end=\"4881\"><span style=\"color: #99cc00;\">\ud83d\udeb4 Excellent rapport performance\/prix pour usage urbain et VTT<\/span><\/li>\r\n<\/ul>\r\n&nbsp;\r\n<ul data-start=\"4649\" data-end=\"4881\">\r\n \t<li data-section-id=\"1xo0tnm\" data-start=\"4815\" data-end=\"4881\"><strong>\ud83d\udc49 Passez \u00e0 une meilleure exp\u00e9rience de conduite avec une autonomie optimis\u00e9e et une puissance constante. C\u2019est le choix id\u00e9al pour tous ceux qui recherchent une batterie pour VTT \u00e9lectrique ou v\u00e9lo urbain efficace.<\/strong><\/li>\r\n<\/ul>\t\t\t\t\t\t<\/div>\n\t\t\t\t\t\t<a href=\"#\" rel=\"nofollow\" class=\"wd-more-desc-btn\" aria-label=\"Read more description\"><span><\/span><\/a>\n\t\t\t\t\t<\/div>\n\t\t\t\t<\/div>\n\t\t\t\t\t\t\n\t\t\t\t\t<\/div>\n\t<\/div>\n<\/div>\n<\/div>\n\t\t\t\t\t\n\t\t<\/div>\n\t\t\t\t<div class=\"wd-carousel-item\">\n\t\t\t\t\t\t\t\t\t\t\t<div class=\"wd-product wd-with-labels wd-hover-fw-button wd-hover-with-fade wd-fade-off product-grid-item product type-product post-27591 status-publish first instock product_cat-180-360-wh-5-10-ah-36v-batterie-porte-bagage product_cat-36v-batterie-porte-bagage product_cat-5-10-ah-36v-batterie-porte-bagage product_cat-batterie-porte-bagage product_cat-batteries-de-velos product_tag-batterie-velo-electrique product_tag-batterie-velo-fiable has-post-thumbnail featured shipping-taxable purchasable product-type-simple\" data-loop=\"8\" data-id=\"27591\">\n\t\n\t\n<div class=\"product-wrapper\">\n\t<div class=\"content-product-imagin\"><\/div>\n\t<div class=\"product-element-top wd-quick-shop\">\n\t\t<a href=\"https:\/\/ateliervae.fr\/?product=phylion-sf-03-37v-8-8ah-batterie-de-velo-2\" class=\"product-image-link\">\n\t\t\t<div class=\"product-labels labels-rounded\"><span class=\"featured product-label\">Hot<\/span><span class=\"attribute-label product-label label-term-phylion label-attribute-pa_marque-s\">Phylion<\/span><\/div><img loading=\"lazy\" decoding=\"async\" width=\"360\" height=\"360\" src=\"https:\/\/ateliervae.fr\/wp-content\/uploads\/2026\/04\/phylion_sf-03_14.5ah_-_driekwartaanzicht_1_.jpg\" class=\"attachment-medium_large size-medium_large\" alt=\"meilleure batterie de v\u00e9lo electrique batterie v\u00e9lo charge rapide\" srcset=\"https:\/\/ateliervae.fr\/wp-content\/uploads\/2026\/04\/phylion_sf-03_14.5ah_-_driekwartaanzicht_1_.jpg 360w, https:\/\/ateliervae.fr\/wp-content\/uploads\/2026\/04\/phylion_sf-03_14.5ah_-_driekwartaanzicht_1_-300x300.jpg 300w, https:\/\/ateliervae.fr\/wp-content\/uploads\/2026\/04\/phylion_sf-03_14.5ah_-_driekwartaanzicht_1_-150x150.jpg 150w\" sizes=\"(max-width: 360px) 100vw, 360px\" \/>\t\t<\/a>\n\n\t\t\n\t\t<div class=\"wd-buttons wd-pos-r-t\">\n\t\t\t\t\t\t\t\t<div class=\"wd-compare-btn product-compare-button wd-action-btn wd-style-icon wd-compare-icon\">\n\t\t\t<a href=\"https:\/\/ateliervae.fr\/?page_id=840\" data-id=\"27591\" rel=\"nofollow\" data-added-text=\"Compare products\">\n\t\t\t\t<span>Compare<\/span>\n\t\t\t<\/a>\n\t\t<\/div>\n\t\t\t\t\t\t\t<div class=\"quick-view wd-action-btn wd-style-icon wd-quick-view-icon\">\n\t\t\t<a\n\t\t\t\thref=\"https:\/\/ateliervae.fr\/?product=phylion-sf-03-37v-8-8ah-batterie-de-velo-2\"\n\t\t\t\tclass=\"open-quick-view quick-view-button\"\n\t\t\t\trel=\"nofollow\"\n\t\t\t\tdata-id=\"27591\"\n\t\t\t\t>Quick view<\/a>\n\t\t<\/div>\n\t\t\t\t\t\t\t\t<div class=\"wd-wishlist-btn wd-action-btn wd-style-icon wd-wishlist-icon\">\n\t\t\t\t<a class=\"\" href=\"https:\/\/ateliervae.fr\/?page_id=60\" data-key=\"87c2aac602\" data-product-id=\"27591\" rel=\"nofollow\" data-added-text=\"Browse Wishlist\">\n\t\t\t\t\t<span>Add to wishlist<\/span>\n\t\t\t\t<\/a>\n\t\t\t<\/div>\n\t\t\t\t<\/div>\n\t<\/div>\n\n\t<div class=\"product-element-bottom\">\n\n\t\t<h3 class=\"wd-entities-title\"><a href=\"https:\/\/ateliervae.fr\/?product=phylion-sf-03-37v-8-8ah-batterie-de-velo-2\">Batterie pour velo Phylion SF-03 37V 8.8Ah \u2248 325Wh<\/a><\/h3>\n\t\t\t\t<div class=\"wd-product-cats\">\n\t\t\t<a href=\"https:\/\/ateliervae.fr\/?product_cat=5-10-ah-36v-batterie-porte-bagage\" rel=\"tag\">5\u201310 Ah<\/a>, <a href=\"https:\/\/ateliervae.fr\/?product_cat=180-360-wh-5-10-ah-36v-batterie-porte-bagage\" rel=\"tag\">180\u2013360 Wh<\/a>, <a href=\"https:\/\/ateliervae.fr\/?product_cat=batterie-porte-bagage\" rel=\"tag\">Batterie porte-bagage<\/a>, <a href=\"https:\/\/ateliervae.fr\/?product_cat=36v-batterie-porte-bagage\" rel=\"tag\">36V<\/a>, <a href=\"https:\/\/ateliervae.fr\/?product_cat=batteries-de-velos\" rel=\"tag\">Batteries de v\u00e9los<\/a>\t\t<\/div>\n\t\t\t\t\t\t\t\t\t\n\t\t\t\t<div class=\"star-rating\" role=\"img\" aria-label=\"Note 0 sur 5\">\n\t\t\t\t\t<span style=\"width:0%\">\n\t\t\tNote <strong class=\"rating\">0<\/strong> sur 5\t\t<\/span>\n\t\t\t\t<\/div>\n\n\t\t\n\t\t\t\t\t\t\n\t\t\n\t\t<div class=\"wrap-price\">\n\t\t\t\n\t<span class=\"price\"><span class=\"woocommerce-Price-amount amount\"><bdi>339<span class=\"woocommerce-Price-currencySymbol\">&euro;<\/span><\/bdi><\/span><\/span>\n\n\t\t\t\t\t<\/div>\n\n\t\t<div class=\"wd-add-btn wd-add-btn-replace\">\n\t\t\t\n\t\t\t<a href=\"\/index.php?rest_route=%2Fwp%2Fv2%2Fposts%2F438&#038;add-to-cart=27591\" aria-describedby=\"woocommerce_loop_add_to_cart_link_describedby_27591\" data-quantity=\"1\" class=\"button product_type_simple add_to_cart_button ajax_add_to_cart add-to-cart-loop\" data-product_id=\"27591\" data-product_sku=\"BATT-109-NUA\" aria-label=\"Ajouter au panier\u00a0: &ldquo;Batterie pour velo Phylion SF-03 37V 8.8Ah \u2248 325Wh&rdquo;\" rel=\"nofollow\" data-success_message=\"\u00ab\u00a0Batterie pour velo Phylion SF-03 37V 8.8Ah \u2248 325Wh\u00a0\u00bb a \u00e9t\u00e9 ajout\u00e9 \u00e0 votre panier\" role=\"button\"><span>Ajouter au panier<\/span><\/a><span id=\"woocommerce_loop_add_to_cart_link_describedby_27591\" class=\"screen-reader-text\">\n\t<\/span>\n\t\t<\/div>\n\n\t\t\n\t\t\t\t<div class=\"fade-in-block wd-scroll\">\n\t\t\t\t\t\t\t<div class=\"hover-content-wrap\">\n\t\t\t\t\t<div class=\"hover-content wd-more-desc\">\n\t\t\t\t\t\t<div class=\"hover-content-inner wd-more-desc-inner\">\n\t\t\t\t\t\t\t<ul data-start=\"5053\" data-end=\"5367\" data-is-last-node=\"\" data-is-only-node=\"\">\r\n \t<li data-section-id=\"fm8msl\" data-start=\"5053\" data-end=\"5138\"><span style=\"color: #99cc00;\">\ud83d\udd0b <strong data-start=\"5058\" data-end=\"5084\">Puissance et autonomie<\/strong> : 37V 8.8Ah pour trajets urbains et longue distance<\/span><\/li>\r\n \t<li data-section-id=\"1cmewep\" data-start=\"5139\" data-end=\"5205\"><span style=\"color: #99cc00;\">\u2699\ufe0f <strong data-start=\"5144\" data-end=\"5171\">Technologie et s\u00e9curit\u00e9<\/strong> : Lithium-ion + BMS intelligent<\/span><\/li>\r\n \t<li data-section-id=\"c3ylfb\" data-start=\"5206\" data-end=\"5269\"><span style=\"color: #99cc00;\">\ud83d\udd0c <strong data-start=\"5211\" data-end=\"5228\">Compatibilit\u00e9<\/strong> : V\u00e9los \u00e9lectriques 36V \/ moteurs 250W<\/span><\/li>\r\n \t<li data-section-id=\"fdjht9\" data-start=\"5270\" data-end=\"5367\" data-is-last-node=\"\"><span style=\"color: #99cc00;\">\ud83d\ude80 <strong data-start=\"5275\" data-end=\"5297\">Avantage principal<\/strong> : excellente batterie v\u00e9lo moteur 250W avec recharge rapide optimis\u00e9e<\/span><\/li>\r\n \t<li data-section-id=\"fdjht9\" data-start=\"5270\" data-end=\"5367\" data-is-last-node=\"\"><\/li>\r\n \t<li data-section-id=\"fdjht9\" data-start=\"5270\" data-end=\"5367\" data-is-last-node=\"\">Si vous souhaitez optimiser votre exp\u00e9rience de conduite, gagner en autonomie et profiter d\u2019une <strong data-start=\"4105\" data-end=\"4139\">batterie v\u00e9lo longue autonomie<\/strong>, ce mod\u00e8le est une option fiable et durable.<\/li>\r\n<\/ul>\r\n\ud83d\udc49 Commandez d\u00e8s maintenant et redonnez une nouvelle vie \u00e0 votre v\u00e9lo \u00e9lectrique !\t\t\t\t\t\t<\/div>\n\t\t\t\t\t\t<a href=\"#\" rel=\"nofollow\" class=\"wd-more-desc-btn\" aria-label=\"Read more description\"><span><\/span><\/a>\n\t\t\t\t\t<\/div>\n\t\t\t\t<\/div>\n\t\t\t\t\t\t\n\t\t\t\t\t<\/div>\n\t<\/div>\n<\/div>\n<\/div>\n\t\t\t\t\t\n\t\t<\/div>\n\t\t\t\t\t\t\t\t<\/div>\n\t\t\t\t\t<\/div>\n\n\t\t\t\t\t\t\t\t\t<\/div>\n\n\t\t\t\t\t\t\t\t\t\t\t<\/div><!-- end #carousel-292 -->\n\t\t\t\t\t\t\t<\/div>\n\t\t\t\t<\/div>\n\t\t\t\t<div class=\"elementor-element elementor-element-1b6e98a elementor-widget elementor-widget-wd_button\" data-id=\"1b6e98a\" data-element_type=\"widget\" data-e-type=\"widget\" data-widget_type=\"wd_button.default\">\n\t\t\t\t<div class=\"elementor-widget-container\">\n\t\t\t\t\t\t\t<div class=\"wd-button-wrapper text-center\" >\n\t\t\t<a class=\"btn btn-style-bordered btn-style-rectangle btn-size-small btn-color-default btn-icon-pos-right\"  href=\"#\">\n\t\t\t\t<span class=\"wd-btn-text\" data-elementor-setting-key=\"text\">\n\t\t\t\t\tView all products\t\t\t\t<\/span>\n\n\t\t\t\t\t\t\t<\/a>\n\t\t<\/div>\n\t\t\t\t\t\t<\/div>\n\t\t\t\t<\/div>\n\t\t\t\t<div class=\"elementor-element elementor-element-b4d9ea0 elementor-widget elementor-widget-wd_text_block\" data-id=\"b4d9ea0\" data-element_type=\"widget\" data-e-type=\"widget\" data-widget_type=\"wd_text_block.default\">\n\t\t\t\t<div class=\"elementor-widget-container\">\n\t\t\t\t\t\t\t<div class=\"wd-text-block reset-last-child text-left\">\n\t\t\t\n\t\t\t<p>Litora adipiscing aliquet urna parturient a purus velit per ullamcorper dui eu cum litora dignissim natoque porttitor convallis donec dictumst blandit natoque et blandit rhoncus vestibulum nam netus metus.\u00a0<strong>Senectus aenean<\/strong>\u00a0vestibulum bibendum ac ultrices eu scelerisque praesent egestas maecenas pharetra erat parturient fusce netus nascetur scelerisque in nec molestie malesuada a mi leo a. Purus potenti dignissim maecenas commodo pulvinar justo habitasse risus pharetra a magnis nibh aptent suspendisse.<\/p>\n\t\t\t\t\t<\/div>\n\t\t\t\t\t\t<\/div>\n\t\t\t\t<\/div>\n\t\t\t\t\t<\/div>\n\t\t\t\t<\/div>\n\t\t<div class=\"wd-negative-gap elementor-element elementor-element-bd4bfce e-flex e-con-boxed e-con e-parent\" data-id=\"bd4bfce\" data-element_type=\"container\" data-e-type=\"container\">\n\t\t\t\t\t<div class=\"e-con-inner\">\n\t\t<div class=\"elementor-element elementor-element-2a2295d e-con-full e-flex e-con e-child\" data-id=\"2a2295d\" data-element_type=\"container\" data-e-type=\"container\">\n\t\t\t\t<div class=\"elementor-element elementor-element-441ab1a elementor-widget elementor-widget-wd_text_block\" data-id=\"441ab1a\" data-element_type=\"widget\" data-e-type=\"widget\" data-widget_type=\"wd_text_block.default\">\n\t\t\t\t<div class=\"elementor-widget-container\">\n\t\t\t\t\t\t\t<div class=\"wd-text-block reset-last-child text-left\">\n\t\t\t\n\t\t\t<h4>A venenatis ad fermentum nascetur<\/h4><p>Varius a ullamcorper duis elit conubia urna fermentum vel eros venenatis donec scelerisque nam leo sem condimentum eu sociis. Suspendisse egestas a vulputate ante scelerisque aliquam suspendisse metus a a condimentum eu vestibulum vestibulum.<\/p>\n\t\t\t\t\t<\/div>\n\t\t\t\t\t\t<\/div>\n\t\t\t\t<\/div>\n\t\t\t\t<\/div>\n\t\t<div class=\"elementor-element elementor-element-853fd3d e-con-full e-flex e-con e-child\" data-id=\"853fd3d\" data-element_type=\"container\" data-e-type=\"container\">\n\t\t\t\t<div class=\"elementor-element elementor-element-3c295bf elementor-widget elementor-widget-wd_text_block\" data-id=\"3c295bf\" data-element_type=\"widget\" data-e-type=\"widget\" data-widget_type=\"wd_text_block.default\">\n\t\t\t\t<div class=\"elementor-widget-container\">\n\t\t\t\t\t\t\t<div class=\"wd-text-block reset-last-child text-left\">\n\t\t\t\n\t\t\t<h4>Mattis vestibulum nisl erat pretium morbi<\/h4><p>Rhoncus nibh aliquam a netus commodo a venenatis id a ullamcorper odio molestie nunc gravida parturient ac purus id mauris condimentum inceptos nulla scelerisque a suspendisse a integer vestibulum scelerisque.Adipiscing dignissim urna.<\/p>\n\t\t\t\t\t<\/div>\n\t\t\t\t\t\t<\/div>\n\t\t\t\t<\/div>\n\t\t\t\t<\/div>\n\t\t\t\t\t<\/div>\n\t\t\t\t<\/div>\n\t\t<div class=\"wd-negative-gap elementor-element elementor-element-90d0cc5 e-flex e-con-boxed e-con e-parent\" data-id=\"90d0cc5\" data-element_type=\"container\" data-e-type=\"container\">\n\t\t\t\t\t<div class=\"e-con-inner\">\n\t\t\t\t<div class=\"elementor-element elementor-element-2e899dc elementor-widget elementor-widget-wd_text_block\" data-id=\"2e899dc\" data-element_type=\"widget\" data-e-type=\"widget\" data-widget_type=\"wd_text_block.default\">\n\t\t\t\t<div class=\"elementor-widget-container\">\n\t\t\t\t\t\t\t<div class=\"wd-text-block reset-last-child text-left\">\n\t\t\t\n\t\t\t<p>A mi sagittis a morbi fames ullamcorper nunc parturient congue suspendisse conubia et vestibulum phasellus consectetur risus nibh tincidunt urna nec a dignissim dui. Magna eu consectetur\u00a0<strong>Lectus adipiscing<\/strong>\u00a0litora eu id cum a elit ipsum ad quisque in vestibulum facilisis feugiat nisl donec a sodales euismod sed convallis adipiscing. Hac sed enim tristique nam tortor ut inceptos a ad nisl magna.<\/p>\n\t\t\t\t\t<\/div>\n\t\t\t\t\t\t<\/div>\n\t\t\t\t<\/div>\n\t\t\t\t\t<\/div>\n\t\t\t\t<\/div>\n\t\t\t\t<\/div>\n\t\t","protected":false},"excerpt":{"rendered":"<p>Aliquet parturient scele risque scele risque nibh pretium parturient suspendisse platea sapien torquent feugiat parturient hac amet.\u00a0Volutpat nullam montes mollis<\/p>\n","protected":false},"author":1,"featured_media":5152,"comment_status":"open","ping_status":"open","sticky":false,"template":"","format":"standard","meta":{"footnotes":""},"categories":[22],"tags":[40,42,57,59],"class_list":["post-438","post","type-post","status-publish","format-standard","has-post-thumbnail","hentry","category-design-trends","tag-guide","tag-inspiratio","tag-table","tag-trends"],"yoast_head":"<!-- This site is optimized with the Yoast SEO plugin v27.5 - https:\/\/yoast.com\/product\/yoast-seo-wordpress\/ -->\n<title>Reinterprets the classic bookshelf - ateliervae.fr<\/title>\n<meta name=\"robots\" content=\"index, follow, max-snippet:-1, max-image-preview:large, max-video-preview:-1\" \/>\n<link rel=\"canonical\" href=\"https:\/\/ateliervae.fr\/?p=438\" \/>\n<meta property=\"og:locale\" content=\"fr_FR\" \/>\n<meta property=\"og:type\" content=\"article\" \/>\n<meta property=\"og:title\" content=\"Reinterprets the classic bookshelf - ateliervae.fr\" \/>\n<meta property=\"og:description\" content=\"Aliquet parturient scele risque scele risque nibh pretium parturient suspendisse platea sapien torquent feugiat parturient hac amet.\u00a0Volutpat nullam montes mollis\" \/>\n<meta property=\"og:url\" content=\"https:\/\/ateliervae.fr\/?p=438\" \/>\n<meta property=\"og:site_name\" content=\"ateliervae.fr\" \/>\n<meta property=\"article:published_time\" content=\"2021-08-27T12:34:21+00:00\" \/>\n<meta property=\"og:image\" content=\"https:\/\/ateliervae.fr\/wp-content\/uploads\/2021\/10\/organic-blog-4.jpg\" \/>\n\t<meta property=\"og:image:width\" content=\"1200\" \/>\n\t<meta property=\"og:image:height\" content=\"742\" \/>\n\t<meta property=\"og:image:type\" content=\"image\/jpeg\" \/>\n<meta name=\"author\" content=\"ateliervae.fr\" \/>\n<meta name=\"twitter:card\" content=\"summary_large_image\" \/>\n<meta name=\"twitter:label1\" content=\"\u00c9crit par\" \/>\n\t<meta name=\"twitter:data1\" content=\"ateliervae.fr\" \/>\n\t<meta name=\"twitter:label2\" content=\"Dur\u00e9e de lecture estim\u00e9e\" \/>\n\t<meta name=\"twitter:data2\" content=\"4 minutes\" \/>\n<script type=\"application\/ld+json\" class=\"yoast-schema-graph\">{\"@context\":\"https:\\\/\\\/schema.org\",\"@graph\":[{\"@type\":\"Article\",\"@id\":\"https:\\\/\\\/ateliervae.fr\\\/?p=438#article\",\"isPartOf\":{\"@id\":\"https:\\\/\\\/ateliervae.fr\\\/?p=438\"},\"author\":{\"name\":\"ateliervae.fr\",\"@id\":\"https:\\\/\\\/ateliervae.fr\\\/#\\\/schema\\\/person\\\/59b6bba6bb5e04be85a479508c48e91e\"},\"headline\":\"Reinterprets the classic bookshelf\",\"datePublished\":\"2021-08-27T12:34:21+00:00\",\"mainEntityOfPage\":{\"@id\":\"https:\\\/\\\/ateliervae.fr\\\/?p=438\"},\"wordCount\":869,\"commentCount\":0,\"publisher\":{\"@id\":\"https:\\\/\\\/ateliervae.fr\\\/#organization\"},\"image\":{\"@id\":\"https:\\\/\\\/ateliervae.fr\\\/?p=438#primaryimage\"},\"thumbnailUrl\":\"https:\\\/\\\/ateliervae.fr\\\/wp-content\\\/uploads\\\/2021\\\/10\\\/organic-blog-4.jpg\",\"keywords\":[\"Guide\",\"Inspiratio\",\"Table\",\"Trends\"],\"articleSection\":[\"Design trends\"],\"inLanguage\":\"fr-FR\",\"potentialAction\":[{\"@type\":\"CommentAction\",\"name\":\"Comment\",\"target\":[\"https:\\\/\\\/ateliervae.fr\\\/?p=438#respond\"]}]},{\"@type\":\"WebPage\",\"@id\":\"https:\\\/\\\/ateliervae.fr\\\/?p=438\",\"url\":\"https:\\\/\\\/ateliervae.fr\\\/?p=438\",\"name\":\"Reinterprets the classic bookshelf - ateliervae.fr\",\"isPartOf\":{\"@id\":\"https:\\\/\\\/ateliervae.fr\\\/#website\"},\"primaryImageOfPage\":{\"@id\":\"https:\\\/\\\/ateliervae.fr\\\/?p=438#primaryimage\"},\"image\":{\"@id\":\"https:\\\/\\\/ateliervae.fr\\\/?p=438#primaryimage\"},\"thumbnailUrl\":\"https:\\\/\\\/ateliervae.fr\\\/wp-content\\\/uploads\\\/2021\\\/10\\\/organic-blog-4.jpg\",\"datePublished\":\"2021-08-27T12:34:21+00:00\",\"breadcrumb\":{\"@id\":\"https:\\\/\\\/ateliervae.fr\\\/?p=438#breadcrumb\"},\"inLanguage\":\"fr-FR\",\"potentialAction\":[{\"@type\":\"ReadAction\",\"target\":[\"https:\\\/\\\/ateliervae.fr\\\/?p=438\"]}]},{\"@type\":\"ImageObject\",\"inLanguage\":\"fr-FR\",\"@id\":\"https:\\\/\\\/ateliervae.fr\\\/?p=438#primaryimage\",\"url\":\"https:\\\/\\\/ateliervae.fr\\\/wp-content\\\/uploads\\\/2021\\\/10\\\/organic-blog-4.jpg\",\"contentUrl\":\"https:\\\/\\\/ateliervae.fr\\\/wp-content\\\/uploads\\\/2021\\\/10\\\/organic-blog-4.jpg\",\"width\":1200,\"height\":742},{\"@type\":\"BreadcrumbList\",\"@id\":\"https:\\\/\\\/ateliervae.fr\\\/?p=438#breadcrumb\",\"itemListElement\":[{\"@type\":\"ListItem\",\"position\":1,\"name\":\"Home\",\"item\":\"https:\\\/\\\/ateliervae.fr\\\/\"},{\"@type\":\"ListItem\",\"position\":2,\"name\":\"Reinterprets the classic bookshelf\"}]},{\"@type\":\"WebSite\",\"@id\":\"https:\\\/\\\/ateliervae.fr\\\/#website\",\"url\":\"https:\\\/\\\/ateliervae.fr\\\/\",\"name\":\"ateliervae.fr\",\"description\":\"L\u2019\u00e9nergie au c\u0153ur de vos trajets\",\"publisher\":{\"@id\":\"https:\\\/\\\/ateliervae.fr\\\/#organization\"},\"potentialAction\":[{\"@type\":\"SearchAction\",\"target\":{\"@type\":\"EntryPoint\",\"urlTemplate\":\"https:\\\/\\\/ateliervae.fr\\\/?s={search_term_string}\"},\"query-input\":{\"@type\":\"PropertyValueSpecification\",\"valueRequired\":true,\"valueName\":\"search_term_string\"}}],\"inLanguage\":\"fr-FR\"},{\"@type\":\"Organization\",\"@id\":\"https:\\\/\\\/ateliervae.fr\\\/#organization\",\"name\":\"ateliervae.fr\",\"url\":\"https:\\\/\\\/ateliervae.fr\\\/\",\"logo\":{\"@type\":\"ImageObject\",\"inLanguage\":\"fr-FR\",\"@id\":\"https:\\\/\\\/ateliervae.fr\\\/#\\\/schema\\\/logo\\\/image\\\/\",\"url\":\"https:\\\/\\\/ateliervae.fr\\\/wp-content\\\/uploads\\\/2026\\\/04\\\/ChatGPT-Image-6-avr.-2026-11_58_22.png\",\"contentUrl\":\"https:\\\/\\\/ateliervae.fr\\\/wp-content\\\/uploads\\\/2026\\\/04\\\/ChatGPT-Image-6-avr.-2026-11_58_22.png\",\"width\":1536,\"height\":1024,\"caption\":\"ateliervae.fr\"},\"image\":{\"@id\":\"https:\\\/\\\/ateliervae.fr\\\/#\\\/schema\\\/logo\\\/image\\\/\"}},{\"@type\":\"Person\",\"@id\":\"https:\\\/\\\/ateliervae.fr\\\/#\\\/schema\\\/person\\\/59b6bba6bb5e04be85a479508c48e91e\",\"name\":\"ateliervae.fr\",\"image\":{\"@type\":\"ImageObject\",\"inLanguage\":\"fr-FR\",\"@id\":\"https:\\\/\\\/secure.gravatar.com\\\/avatar\\\/2d930777d8783d33c5242a5d986de84ebe4a4e0f0992eed2aa760516bd29b591?s=96&d=mm&r=g\",\"url\":\"https:\\\/\\\/secure.gravatar.com\\\/avatar\\\/2d930777d8783d33c5242a5d986de84ebe4a4e0f0992eed2aa760516bd29b591?s=96&d=mm&r=g\",\"contentUrl\":\"https:\\\/\\\/secure.gravatar.com\\\/avatar\\\/2d930777d8783d33c5242a5d986de84ebe4a4e0f0992eed2aa760516bd29b591?s=96&d=mm&r=g\",\"caption\":\"ateliervae.fr\"},\"sameAs\":[\"http:\\\/\\\/ateliervae.fr\"],\"url\":\"https:\\\/\\\/ateliervae.fr\\\/?author=1\"}]}<\/script>\n<!-- \/ Yoast SEO plugin. -->","yoast_head_json":{"title":"Reinterprets the classic bookshelf - ateliervae.fr","robots":{"index":"index","follow":"follow","max-snippet":"max-snippet:-1","max-image-preview":"max-image-preview:large","max-video-preview":"max-video-preview:-1"},"canonical":"https:\/\/ateliervae.fr\/?p=438","og_locale":"fr_FR","og_type":"article","og_title":"Reinterprets the classic bookshelf - ateliervae.fr","og_description":"Aliquet parturient scele risque scele risque nibh pretium parturient suspendisse platea sapien torquent feugiat parturient hac amet.\u00a0Volutpat nullam montes mollis","og_url":"https:\/\/ateliervae.fr\/?p=438","og_site_name":"ateliervae.fr","article_published_time":"2021-08-27T12:34:21+00:00","og_image":[{"width":1200,"height":742,"url":"https:\/\/ateliervae.fr\/wp-content\/uploads\/2021\/10\/organic-blog-4.jpg","type":"image\/jpeg"}],"author":"ateliervae.fr","twitter_card":"summary_large_image","twitter_misc":{"\u00c9crit par":"ateliervae.fr","Dur\u00e9e de lecture estim\u00e9e":"4 minutes"},"schema":{"@context":"https:\/\/schema.org","@graph":[{"@type":"Article","@id":"https:\/\/ateliervae.fr\/?p=438#article","isPartOf":{"@id":"https:\/\/ateliervae.fr\/?p=438"},"author":{"name":"ateliervae.fr","@id":"https:\/\/ateliervae.fr\/#\/schema\/person\/59b6bba6bb5e04be85a479508c48e91e"},"headline":"Reinterprets the classic bookshelf","datePublished":"2021-08-27T12:34:21+00:00","mainEntityOfPage":{"@id":"https:\/\/ateliervae.fr\/?p=438"},"wordCount":869,"commentCount":0,"publisher":{"@id":"https:\/\/ateliervae.fr\/#organization"},"image":{"@id":"https:\/\/ateliervae.fr\/?p=438#primaryimage"},"thumbnailUrl":"https:\/\/ateliervae.fr\/wp-content\/uploads\/2021\/10\/organic-blog-4.jpg","keywords":["Guide","Inspiratio","Table","Trends"],"articleSection":["Design trends"],"inLanguage":"fr-FR","potentialAction":[{"@type":"CommentAction","name":"Comment","target":["https:\/\/ateliervae.fr\/?p=438#respond"]}]},{"@type":"WebPage","@id":"https:\/\/ateliervae.fr\/?p=438","url":"https:\/\/ateliervae.fr\/?p=438","name":"Reinterprets the classic bookshelf - ateliervae.fr","isPartOf":{"@id":"https:\/\/ateliervae.fr\/#website"},"primaryImageOfPage":{"@id":"https:\/\/ateliervae.fr\/?p=438#primaryimage"},"image":{"@id":"https:\/\/ateliervae.fr\/?p=438#primaryimage"},"thumbnailUrl":"https:\/\/ateliervae.fr\/wp-content\/uploads\/2021\/10\/organic-blog-4.jpg","datePublished":"2021-08-27T12:34:21+00:00","breadcrumb":{"@id":"https:\/\/ateliervae.fr\/?p=438#breadcrumb"},"inLanguage":"fr-FR","potentialAction":[{"@type":"ReadAction","target":["https:\/\/ateliervae.fr\/?p=438"]}]},{"@type":"ImageObject","inLanguage":"fr-FR","@id":"https:\/\/ateliervae.fr\/?p=438#primaryimage","url":"https:\/\/ateliervae.fr\/wp-content\/uploads\/2021\/10\/organic-blog-4.jpg","contentUrl":"https:\/\/ateliervae.fr\/wp-content\/uploads\/2021\/10\/organic-blog-4.jpg","width":1200,"height":742},{"@type":"BreadcrumbList","@id":"https:\/\/ateliervae.fr\/?p=438#breadcrumb","itemListElement":[{"@type":"ListItem","position":1,"name":"Home","item":"https:\/\/ateliervae.fr\/"},{"@type":"ListItem","position":2,"name":"Reinterprets the classic bookshelf"}]},{"@type":"WebSite","@id":"https:\/\/ateliervae.fr\/#website","url":"https:\/\/ateliervae.fr\/","name":"ateliervae.fr","description":"L\u2019\u00e9nergie au c\u0153ur de vos trajets","publisher":{"@id":"https:\/\/ateliervae.fr\/#organization"},"potentialAction":[{"@type":"SearchAction","target":{"@type":"EntryPoint","urlTemplate":"https:\/\/ateliervae.fr\/?s={search_term_string}"},"query-input":{"@type":"PropertyValueSpecification","valueRequired":true,"valueName":"search_term_string"}}],"inLanguage":"fr-FR"},{"@type":"Organization","@id":"https:\/\/ateliervae.fr\/#organization","name":"ateliervae.fr","url":"https:\/\/ateliervae.fr\/","logo":{"@type":"ImageObject","inLanguage":"fr-FR","@id":"https:\/\/ateliervae.fr\/#\/schema\/logo\/image\/","url":"https:\/\/ateliervae.fr\/wp-content\/uploads\/2026\/04\/ChatGPT-Image-6-avr.-2026-11_58_22.png","contentUrl":"https:\/\/ateliervae.fr\/wp-content\/uploads\/2026\/04\/ChatGPT-Image-6-avr.-2026-11_58_22.png","width":1536,"height":1024,"caption":"ateliervae.fr"},"image":{"@id":"https:\/\/ateliervae.fr\/#\/schema\/logo\/image\/"}},{"@type":"Person","@id":"https:\/\/ateliervae.fr\/#\/schema\/person\/59b6bba6bb5e04be85a479508c48e91e","name":"ateliervae.fr","image":{"@type":"ImageObject","inLanguage":"fr-FR","@id":"https:\/\/secure.gravatar.com\/avatar\/2d930777d8783d33c5242a5d986de84ebe4a4e0f0992eed2aa760516bd29b591?s=96&d=mm&r=g","url":"https:\/\/secure.gravatar.com\/avatar\/2d930777d8783d33c5242a5d986de84ebe4a4e0f0992eed2aa760516bd29b591?s=96&d=mm&r=g","contentUrl":"https:\/\/secure.gravatar.com\/avatar\/2d930777d8783d33c5242a5d986de84ebe4a4e0f0992eed2aa760516bd29b591?s=96&d=mm&r=g","caption":"ateliervae.fr"},"sameAs":["http:\/\/ateliervae.fr"],"url":"https:\/\/ateliervae.fr\/?author=1"}]}},"_links":{"self":[{"href":"https:\/\/ateliervae.fr\/index.php?rest_route=\/wp\/v2\/posts\/438","targetHints":{"allow":["GET"]}}],"collection":[{"href":"https:\/\/ateliervae.fr\/index.php?rest_route=\/wp\/v2\/posts"}],"about":[{"href":"https:\/\/ateliervae.fr\/index.php?rest_route=\/wp\/v2\/types\/post"}],"author":[{"embeddable":true,"href":"https:\/\/ateliervae.fr\/index.php?rest_route=\/wp\/v2\/users\/1"}],"replies":[{"embeddable":true,"href":"https:\/\/ateliervae.fr\/index.php?rest_route=%2Fwp%2Fv2%2Fcomments&post=438"}],"version-history":[{"count":0,"href":"https:\/\/ateliervae.fr\/index.php?rest_route=\/wp\/v2\/posts\/438\/revisions"}],"wp:featuredmedia":[{"embeddable":true,"href":"https:\/\/ateliervae.fr\/index.php?rest_route=\/wp\/v2\/media\/5152"}],"wp:attachment":[{"href":"https:\/\/ateliervae.fr\/index.php?rest_route=%2Fwp%2Fv2%2Fmedia&parent=438"}],"wp:term":[{"taxonomy":"category","embeddable":true,"href":"https:\/\/ateliervae.fr\/index.php?rest_route=%2Fwp%2Fv2%2Fcategories&post=438"},{"taxonomy":"post_tag","embeddable":true,"href":"https:\/\/ateliervae.fr\/index.php?rest_route=%2Fwp%2Fv2%2Ftags&post=438"}],"curies":[{"name":"wp","href":"https:\/\/api.w.org\/{rel}","templated":true}]}}